{"id":1617,"date":"2023-11-16T10:17:23","date_gmt":"2023-11-16T10:17:23","guid":{"rendered":"https:\/\/wpsetups.com\/radionica-clone\/guida-attraverso-pola-la-perla-storica-delladriatico\/"},"modified":"2026-07-03T15:28:37","modified_gmt":"2026-07-03T15:28:37","slug":"guida-attraverso-pola-la-perla-storica-delladriatico","status":"publish","type":"post","link":"https:\/\/wpsetups.com\/radionica-clone\/it\/guida-attraverso-pola-la-perla-storica-delladriatico\/","title":{"rendered":"Guida attraverso Pola - La perla storica dell'Adriatico"},"content":{"rendered":"<p><a href=\"\/\" target=\"_blank\" rel=\"noopener\">https:\/\/www.luxistria.com\/<\/a>Pola, situata nella parte meridionale dell'Istria, \u00e8 uno dei gioielli pi\u00f9 luminosi del Mar Adriatico. Questa citt\u00e0 \u00e8 ricca di storia, cultura e bellezze naturali. Per i visitatori che vogliono sperimentare tutto il fascino di questa perla, questa \u00e8 una guida ad alcune delle attrazioni pi\u00f9 memorabili, tra cui l'Arena di Pola, il Festival del cinema di Pola e l'Acquario di Pola.<\/p>\n<h2>Arena di Pola: una magnifica eredit\u00e0 del passato<\/h2>\n<p>L'Arena di Pola, monumentale anfiteatro romano, \u00e8 giustamente considerato il simbolo di Pola. Costruita nel I secolo, questa imponente struttura ci riporta al periodo in cui Pola era un importante centro regionale dell'Impero Romano. Composta da pietra locale bianca e grigia, l'Arena \u00e8 uno spettacolo architettonico che conserva ancora oggi lo spirito del passato.<\/p>\n<p>Con dimensioni che pochi altri anfiteatri possono eguagliare, l'Arena di Pola pu\u00f2 ospitare pi\u00f9 di 20.000 spettatori. Questo Colosseo romano era originariamente sede di combattimenti di gladiatori, spettacoli di combattimento e altri eventi pubblici che riunivano le masse. Soluzioni architettoniche imponenti, come una serie di archi e scalinate, testimoniano l'abilit\u00e0 e le capacit\u00e0 ingegneristiche degli antichi costruttori.<\/p>\n<p>Ci\u00f2 che rende ancora pi\u00f9 speciale l\u2019Arena di Pola \u00e8 la sua versatilit\u00e0 nel corso dei secoli. Oggi l'Arena \u00e8 sede di diversi eventi culturali, concerti musicali, spettacoli teatrali e cinematografici. I riflettori sostituiscono la luce del sole, creando un'atmosfera indimenticabile che unisce gli amanti dell'arte e della storia.<\/p>\n<p>Per i visitatori che varcano la soglia di pietra, l'Arena di Pola offre un'esperienza unica. Sentirai lo spirito del mondo antico mentre percorri i suoi corridoi, e la vista della citt\u00e0 circostante dall'alto dell'arena ti regaler\u00e0 un panorama mozzafiato. L'Arena di Pola, in poche parole, non \u00e8 solo un monumento archeologico ma anche una vivida testimonianza della ricca storia di Pola.<\/p>\n<h2>Pula Film Festival: arte cinematografica nel cuore dell'Istria<\/h2>\n<p>Il Festival del cinema di Pola, che si svolge nel cuore dell'estate, \u00e8 diventato sinonimo di arte cinematografica e di ritrovo di appassionati di cinema in tutta la regione. Questo festival, con il suo impressionante patrimonio, non \u00e8 solo un evento cinematografico ma anche una celebrazione della creativit\u00e0, del talento e della passione cinematografica che vive a Pola da pi\u00f9 di settant'anni.<\/p>\n<p>La citt\u00e0 di Pola diventa l'epicentro dell'industria cinematografica durante il festival, attirando registi, attori e amanti della settima arte. Il Pula Film Festival presenta una vasta gamma di generi cinematografici, dai lungometraggi ai cortometraggi e ai documentari, offrendo al pubblico una vasta gamma di esperienze cinematografiche.<\/p>\n<p>Il festival conserva le sue radici non solo nell'arte cinematografica, ma anche nella cultura polese. Con le proiezioni all'aperto gli amanti del cinema hanno l'opportunit\u00e0 di godersi le perle cinematografiche sotto le stelle, creando un'esperienza indimenticabile che risplende nella dolce luce delle notti polesi.<\/p>\n<p>La cerimonia di premiazione al termine del festival non \u00e8 solo un momento di celebrazione dei migliori successi cinematografici; \u00e8 anche un riconoscimento alla creativit\u00e0 e al contributo all'industria cinematografica. Il Festival del cinema di Pola non solo incoraggia i registi nazionali, ma collega anche la regione con la comunit\u00e0 cinematografica internazionale.<\/p>\n<p>Questo festival non \u00e8 solo un'opportunit\u00e0 per promuovere i film, ma anche per mettere in contatto gli amanti del cinema con registi, attori e altri professionisti del cinema. L'atmosfera che avvolge la citt\u00e0 durante il festival \u00e8 indescrivibilmente speciale: dalle proiezioni emozionanti alle discussioni informali sui film, durante il festival Pola diventa un luogo dove l'amore per il cinema viene celebrato e condiviso. Il Festival del cinema di Pola ha lasciato per sempre il segno nella mappa del cinema, rendendo Pola una meta imperdibile per tutti gli amanti della settima arte.<\/p>\n<h2>Acquario di Pola: Il mondo sottomarino dell'Istria e dell'Adriatico<\/h2>\n<p>L'Acquario di Pola \u00e8 un affascinante scrigno di segreti marini situato lungo la costa del Mar Adriatico. Situato proprio accanto al mare, \u00e8 un luogo dove i visitatori possono immergersi nella ricchezza dei fondali marini locali, scoprendo le meraviglie della vita marina che popola la costa istriana.<\/p>\n<p>Appena si entra nell'Acquario si viene accolti dalla variet\u00e0 di colori e forme che caratterizzano il mondo sottomarino. Vari tipi di pesci, conchiglie, coralli e altri organismi marini rappresentano uno spettacolo impressionante della diversit\u00e0 biologica del Mare Adriatico. Gli acquari sono progettati per simulare un habitat naturale, offrendo ai visitatori un'autentica esperienza di osservazione della vita marina.<\/p>\n<p>Uno dei momenti speciali dell'Acquario di Pola sono i corridoi di pietra, dove i visitatori possono letteralmente sentirsi come se camminassero in riva al mare e attraverso la storia di Pola. Questa esperienza ti consente di essere circondato da pesci e altra vita marina, creando un senso di connessione con il mondo sottomarino.<\/p>\n<p>L'Acquario svolge anche un ruolo importante nell'educare i visitatori sulla conservazione dell'ambiente marino. Attraverso mostre interattive, laboratori didattici e informazioni sulla protezione delle specie marine, i visitatori possono farsi un'idea della fragilit\u00e0 dell'ecosistema marino e del loro ruolo nel preservarlo.<\/p>\n<p>Coloro che hanno un interesse speciale per gli organismi marini possono partecipare a visite guidate da esperti che forniscono ulteriori informazioni sulla biologia, il comportamento e la conservazione delle specie marine. Questa forma di educazione arricchisce ulteriormente la visita, rendendola non solo visivamente attraente ma anche un'esperienza educativa.<\/p>\n<h2>Attraverso Pola con i nostri alloggi di lusso<\/h2>\n<p>Nella conclusione di questa guida di Pola \u00e8 semplicemente impossibile non rendere omaggio alla ricchezza, alla diversit\u00e0 e alla bellezza che questa citt\u00e0 offre ai suoi visitatori. Dall'imponente Arena di Pola, che offre un viaggio nel tempo fino all'antichit\u00e0, attraverso l'atmosfera dinamica del Festival del cinema di Pola, dove ogni fotogramma si trasforma in un capolavoro, fino alla magia del mondo sottomarino nell'Acquario di Pola - ogni momento trascorso in questa perla dell'Adriatico lascia un ricordo indelebile. .<\/p>\n<p>Pola, con la sua combinazione unica di storia, cultura e bellezze naturali, offre ai visitatori un'esperienza che risveglia tutti i sensi. Le sue strade pittoresche, le taverne locali, il mare turchese e i numerosi eventi ne fanno una destinazione che delizia e conquista il cuore di tutti coloro che la visitano.<\/p>\n<p>Questa citt\u00e0 non solo preserva il suo ricco patrimonio, ma si sviluppa anche come una destinazione moderna che allo stesso tempo coltiva il suo carattere autentico. Pola \u00e8 come un libro che vuoi sempre rileggere, scoprendo nuove storie e bellezze ad ogni passo.<\/p>\n<p>Pertanto, se state pensando al vostro prossimo viaggio, mettete Pola in cima alla vostra lista delle destinazioni. Questo gioiello dell'Adriatico offre un'esperienza indimenticabile che ti lascer\u00e0 ricordi per tutta la vita. Pola - una citt\u00e0 che incanta con la sua bellezza, calore e autenticit\u00e0, vi aspetta a braccia aperte.<\/p>\n<p>Per coloro che vogliono approfondire ulteriormente la propria esperienza di Pola, <a href=\"\/\" target=\"_blank\" rel=\"noopener\">LuxIstria offre alloggi esclusivi nel cuore di questa citt\u00e0 unica<\/a>. Immerse in un ambiente tranquillo, le nostre sistemazioni di lusso offrono un'oasi di privacy e comfort, offrendo il rifugio perfetto dopo una giornata trascorsa esplorando luoghi di interesse culturale, godendosi la magia del cinema o esplorando le profondit\u00e0 del mare.<\/p>\n<p>Sia che scegliate una villa con un bellissimo giardino, una spaziosa piscina o una terrazza con vista sul mare, la nostra offerta di alloggi si adatta perfettamente allo spirito di Pola. Comfort, lusso e raffinatezza caratterizzano le nostre ville, offrendoti uno spazio in cui puoi sentire appieno il polso della citt\u00e0.<\/p>\n","protected":false},"excerpt":{"rendered":"<p>Pola, situata nella parte meridionale dell'Istria, &egrave; uno dei gioielli pi&ugrave; luminosi del Mar Adriatico. Questa citt&agrave; &egrave; ricca di storia, cultura e bellezze naturali.<\/p>\n","protected":false},"author":1,"featured_media":272,"comment_status":"open","ping_status":"closed","sticky":false,"template":"","format":"standard","meta":{"footnotes":""},"categories":[1302],"tags":[],"class_list":["post-1617","post","type-post","status-publish","format-standard","has-post-thumbnail","hentry","category-notizie"],"yoast_head":"<!-- This site is optimized with the Yoast SEO plugin v28.2 - https:\/\/yoast.com\/product\/yoast-seo-wordpress\/ -->\n<title>Guida attraverso Pola - La perla storica dell&#039;Adriatico - Luxistria Rent<\/title>\n<meta name=\"robots\" content=\"noindex, follow, max-snippet:-1, max-image-preview:large, max-video-preview:-1\" \/>\n<meta property=\"og:locale\" content=\"it_IT\" \/>\n<meta property=\"og:type\" content=\"article\" \/>\n<meta property=\"og:title\" content=\"Guida attraverso Pola - La perla storica dell&#039;Adriatico - Luxistria Rent\" \/>\n<meta property=\"og:description\" content=\"Pola, situata nella parte meridionale dell&#039;Istria, &egrave; uno dei gioielli pi&ugrave; luminosi del Mar Adriatico. Questa citt&agrave; &egrave; ricca di storia, cultura e bellezze naturali.\" \/>\n<meta property=\"og:url\" content=\"https:\/\/wpsetups.com\/radionica-clone\/it\/guida-attraverso-pola-la-perla-storica-delladriatico\/\" \/>\n<meta property=\"og:site_name\" content=\"Luxistria Rent\" \/>\n<meta property=\"article:published_time\" content=\"2023-11-16T10:17:23+00:00\" \/>\n<meta property=\"article:modified_time\" content=\"2026-07-03T15:28:37+00:00\" \/>\n<meta property=\"og:image\" content=\"https:\/\/wpsetups.com\/radionica-clone\/wp-content\/uploads\/2026\/05\/1700129843_2721.webp\" \/>\n\t<meta property=\"og:image:width\" content=\"1000\" \/>\n\t<meta property=\"og:image:height\" content=\"749\" \/>\n\t<meta property=\"og:image:type\" content=\"image\/webp\" \/>\n<meta name=\"author\" content=\"admin\" \/>\n<meta name=\"twitter:card\" content=\"summary_large_image\" \/>\n<meta name=\"twitter:label1\" content=\"Scritto da\" \/>\n\t<meta name=\"twitter:data1\" content=\"admin\" \/>\n\t<meta name=\"twitter:label2\" content=\"Tempo di lettura stimato\" \/>\n\t<meta name=\"twitter:data2\" content=\"6 minuti\" \/>\n<script type=\"application\/ld+json\" class=\"yoast-schema-graph\">{\"@context\":\"https:\\\/\\\/schema.org\",\"@graph\":[{\"@type\":\"Article\",\"@id\":\"https:\\\/\\\/wpsetups.com\\\/radionica-clone\\\/it\\\/guida-attraverso-pola-la-perla-storica-delladriatico\\\/#article\",\"isPartOf\":{\"@id\":\"https:\\\/\\\/wpsetups.com\\\/radionica-clone\\\/it\\\/guida-attraverso-pola-la-perla-storica-delladriatico\\\/\"},\"author\":{\"name\":\"admin\",\"@id\":\"https:\\\/\\\/wpsetups.com\\\/radionica-clone\\\/#\\\/schema\\\/person\\\/8d42909acf433e51a90ab46a711baba1\"},\"headline\":\"Guida attraverso Pola - La perla storica dell'Adriatico\",\"datePublished\":\"2023-11-16T10:17:23+00:00\",\"dateModified\":\"2026-07-03T15:28:37+00:00\",\"mainEntityOfPage\":{\"@id\":\"https:\\\/\\\/wpsetups.com\\\/radionica-clone\\\/it\\\/guida-attraverso-pola-la-perla-storica-delladriatico\\\/\"},\"wordCount\":1233,\"commentCount\":0,\"image\":{\"@id\":\"https:\\\/\\\/wpsetups.com\\\/radionica-clone\\\/it\\\/guida-attraverso-pola-la-perla-storica-delladriatico\\\/#primaryimage\"},\"thumbnailUrl\":\"https:\\\/\\\/wpsetups.com\\\/radionica-clone\\\/wp-content\\\/uploads\\\/2026\\\/05\\\/1700129843_2721.webp\",\"articleSection\":[\"Notizie\"],\"inLanguage\":\"it-IT\",\"potentialAction\":[{\"@type\":\"CommentAction\",\"name\":\"Comment\",\"target\":[\"https:\\\/\\\/wpsetups.com\\\/radionica-clone\\\/it\\\/guida-attraverso-pola-la-perla-storica-delladriatico\\\/#respond\"]}]},{\"@type\":\"WebPage\",\"@id\":\"https:\\\/\\\/wpsetups.com\\\/radionica-clone\\\/it\\\/guida-attraverso-pola-la-perla-storica-delladriatico\\\/\",\"url\":\"https:\\\/\\\/wpsetups.com\\\/radionica-clone\\\/it\\\/guida-attraverso-pola-la-perla-storica-delladriatico\\\/\",\"name\":\"Guida attraverso Pola - La perla storica dell'Adriatico - Luxistria Rent\",\"isPartOf\":{\"@id\":\"https:\\\/\\\/wpsetups.com\\\/radionica-clone\\\/#website\"},\"primaryImageOfPage\":{\"@id\":\"https:\\\/\\\/wpsetups.com\\\/radionica-clone\\\/it\\\/guida-attraverso-pola-la-perla-storica-delladriatico\\\/#primaryimage\"},\"image\":{\"@id\":\"https:\\\/\\\/wpsetups.com\\\/radionica-clone\\\/it\\\/guida-attraverso-pola-la-perla-storica-delladriatico\\\/#primaryimage\"},\"thumbnailUrl\":\"https:\\\/\\\/wpsetups.com\\\/radionica-clone\\\/wp-content\\\/uploads\\\/2026\\\/05\\\/1700129843_2721.webp\",\"datePublished\":\"2023-11-16T10:17:23+00:00\",\"dateModified\":\"2026-07-03T15:28:37+00:00\",\"author\":{\"@id\":\"https:\\\/\\\/wpsetups.com\\\/radionica-clone\\\/#\\\/schema\\\/person\\\/8d42909acf433e51a90ab46a711baba1\"},\"breadcrumb\":{\"@id\":\"https:\\\/\\\/wpsetups.com\\\/radionica-clone\\\/it\\\/guida-attraverso-pola-la-perla-storica-delladriatico\\\/#breadcrumb\"},\"inLanguage\":\"it-IT\",\"potentialAction\":[{\"@type\":\"ReadAction\",\"target\":[\"https:\\\/\\\/wpsetups.com\\\/radionica-clone\\\/it\\\/guida-attraverso-pola-la-perla-storica-delladriatico\\\/\"]}]},{\"@type\":\"ImageObject\",\"inLanguage\":\"it-IT\",\"@id\":\"https:\\\/\\\/wpsetups.com\\\/radionica-clone\\\/it\\\/guida-attraverso-pola-la-perla-storica-delladriatico\\\/#primaryimage\",\"url\":\"https:\\\/\\\/wpsetups.com\\\/radionica-clone\\\/wp-content\\\/uploads\\\/2026\\\/05\\\/1700129843_2721.webp\",\"contentUrl\":\"https:\\\/\\\/wpsetups.com\\\/radionica-clone\\\/wp-content\\\/uploads\\\/2026\\\/05\\\/1700129843_2721.webp\",\"width\":1000,\"height\":749},{\"@type\":\"BreadcrumbList\",\"@id\":\"https:\\\/\\\/wpsetups.com\\\/radionica-clone\\\/it\\\/guida-attraverso-pola-la-perla-storica-delladriatico\\\/#breadcrumb\",\"itemListElement\":[{\"@type\":\"ListItem\",\"position\":1,\"name\":\"Home\",\"item\":\"https:\\\/\\\/wpsetups.com\\\/radionica-clone\\\/it\\\/\"},{\"@type\":\"ListItem\",\"position\":2,\"name\":\"Guida attraverso Pola - La perla storica dell'Adriatico\"}]},{\"@type\":\"WebSite\",\"@id\":\"https:\\\/\\\/wpsetups.com\\\/radionica-clone\\\/#website\",\"url\":\"https:\\\/\\\/wpsetups.com\\\/radionica-clone\\\/\",\"name\":\"Luxistria Rent\",\"description\":\"\",\"potentialAction\":[{\"@type\":\"SearchAction\",\"target\":{\"@type\":\"EntryPoint\",\"urlTemplate\":\"https:\\\/\\\/wpsetups.com\\\/radionica-clone\\\/?s={search_term_string}\"},\"query-input\":{\"@type\":\"PropertyValueSpecification\",\"valueRequired\":true,\"valueName\":\"search_term_string\"}}],\"inLanguage\":\"it-IT\"},{\"@type\":\"Person\",\"@id\":\"https:\\\/\\\/wpsetups.com\\\/radionica-clone\\\/#\\\/schema\\\/person\\\/8d42909acf433e51a90ab46a711baba1\",\"name\":\"admin\",\"image\":{\"@type\":\"ImageObject\",\"inLanguage\":\"it-IT\",\"@id\":\"https:\\\/\\\/secure.gravatar.com\\\/avatar\\\/5625f553f253f456b98a5d87cfed51fdcb711905cfabc618b79b2bda138b35ca?s=96&d=mm&r=g\",\"url\":\"https:\\\/\\\/secure.gravatar.com\\\/avatar\\\/5625f553f253f456b98a5d87cfed51fdcb711905cfabc618b79b2bda138b35ca?s=96&d=mm&r=g\",\"contentUrl\":\"https:\\\/\\\/secure.gravatar.com\\\/avatar\\\/5625f553f253f456b98a5d87cfed51fdcb711905cfabc618b79b2bda138b35ca?s=96&d=mm&r=g\",\"caption\":\"admin\"},\"sameAs\":[\"https:\\\/\\\/wpsetups.com\\\/radionica-clone\"],\"url\":\"https:\\\/\\\/wpsetups.com\\\/radionica-clone\\\/it\\\/author\\\/admin_7g0keo8i\\\/\"}]}<\/script>\n<!-- \/ Yoast SEO plugin. -->","yoast_head_json":{"title":"Guida attraverso Pola - La perla storica dell'Adriatico - Luxistria Rent","robots":{"index":"noindex","follow":"follow","max-snippet":"max-snippet:-1","max-image-preview":"max-image-preview:large","max-video-preview":"max-video-preview:-1"},"og_locale":"it_IT","og_type":"article","og_title":"Guida attraverso Pola - La perla storica dell'Adriatico - Luxistria Rent","og_description":"Pola, situata nella parte meridionale dell'Istria, &egrave; uno dei gioielli pi&ugrave; luminosi del Mar Adriatico. Questa citt&agrave; &egrave; ricca di storia, cultura e bellezze naturali.","og_url":"https:\/\/wpsetups.com\/radionica-clone\/it\/guida-attraverso-pola-la-perla-storica-delladriatico\/","og_site_name":"Luxistria Rent","article_published_time":"2023-11-16T10:17:23+00:00","article_modified_time":"2026-07-03T15:28:37+00:00","og_image":[{"width":1000,"height":749,"url":"https:\/\/wpsetups.com\/radionica-clone\/wp-content\/uploads\/2026\/05\/1700129843_2721.webp","type":"image\/webp"}],"author":"admin","twitter_card":"summary_large_image","twitter_misc":{"Scritto da":"admin","Tempo di lettura stimato":"6 minuti"},"schema":{"@context":"https:\/\/schema.org","@graph":[{"@type":"Article","@id":"https:\/\/wpsetups.com\/radionica-clone\/it\/guida-attraverso-pola-la-perla-storica-delladriatico\/#article","isPartOf":{"@id":"https:\/\/wpsetups.com\/radionica-clone\/it\/guida-attraverso-pola-la-perla-storica-delladriatico\/"},"author":{"name":"admin","@id":"https:\/\/wpsetups.com\/radionica-clone\/#\/schema\/person\/8d42909acf433e51a90ab46a711baba1"},"headline":"Guida attraverso Pola - La perla storica dell'Adriatico","datePublished":"2023-11-16T10:17:23+00:00","dateModified":"2026-07-03T15:28:37+00:00","mainEntityOfPage":{"@id":"https:\/\/wpsetups.com\/radionica-clone\/it\/guida-attraverso-pola-la-perla-storica-delladriatico\/"},"wordCount":1233,"commentCount":0,"image":{"@id":"https:\/\/wpsetups.com\/radionica-clone\/it\/guida-attraverso-pola-la-perla-storica-delladriatico\/#primaryimage"},"thumbnailUrl":"https:\/\/wpsetups.com\/radionica-clone\/wp-content\/uploads\/2026\/05\/1700129843_2721.webp","articleSection":["Notizie"],"inLanguage":"it-IT","potentialAction":[{"@type":"CommentAction","name":"Comment","target":["https:\/\/wpsetups.com\/radionica-clone\/it\/guida-attraverso-pola-la-perla-storica-delladriatico\/#respond"]}]},{"@type":"WebPage","@id":"https:\/\/wpsetups.com\/radionica-clone\/it\/guida-attraverso-pola-la-perla-storica-delladriatico\/","url":"https:\/\/wpsetups.com\/radionica-clone\/it\/guida-attraverso-pola-la-perla-storica-delladriatico\/","name":"Guida attraverso Pola - La perla storica dell'Adriatico - Luxistria Rent","isPartOf":{"@id":"https:\/\/wpsetups.com\/radionica-clone\/#website"},"primaryImageOfPage":{"@id":"https:\/\/wpsetups.com\/radionica-clone\/it\/guida-attraverso-pola-la-perla-storica-delladriatico\/#primaryimage"},"image":{"@id":"https:\/\/wpsetups.com\/radionica-clone\/it\/guida-attraverso-pola-la-perla-storica-delladriatico\/#primaryimage"},"thumbnailUrl":"https:\/\/wpsetups.com\/radionica-clone\/wp-content\/uploads\/2026\/05\/1700129843_2721.webp","datePublished":"2023-11-16T10:17:23+00:00","dateModified":"2026-07-03T15:28:37+00:00","author":{"@id":"https:\/\/wpsetups.com\/radionica-clone\/#\/schema\/person\/8d42909acf433e51a90ab46a711baba1"},"breadcrumb":{"@id":"https:\/\/wpsetups.com\/radionica-clone\/it\/guida-attraverso-pola-la-perla-storica-delladriatico\/#breadcrumb"},"inLanguage":"it-IT","potentialAction":[{"@type":"ReadAction","target":["https:\/\/wpsetups.com\/radionica-clone\/it\/guida-attraverso-pola-la-perla-storica-delladriatico\/"]}]},{"@type":"ImageObject","inLanguage":"it-IT","@id":"https:\/\/wpsetups.com\/radionica-clone\/it\/guida-attraverso-pola-la-perla-storica-delladriatico\/#primaryimage","url":"https:\/\/wpsetups.com\/radionica-clone\/wp-content\/uploads\/2026\/05\/1700129843_2721.webp","contentUrl":"https:\/\/wpsetups.com\/radionica-clone\/wp-content\/uploads\/2026\/05\/1700129843_2721.webp","width":1000,"height":749},{"@type":"BreadcrumbList","@id":"https:\/\/wpsetups.com\/radionica-clone\/it\/guida-attraverso-pola-la-perla-storica-delladriatico\/#breadcrumb","itemListElement":[{"@type":"ListItem","position":1,"name":"Home","item":"https:\/\/wpsetups.com\/radionica-clone\/it\/"},{"@type":"ListItem","position":2,"name":"Guida attraverso Pola - La perla storica dell'Adriatico"}]},{"@type":"WebSite","@id":"https:\/\/wpsetups.com\/radionica-clone\/#website","url":"https:\/\/wpsetups.com\/radionica-clone\/","name":"Luxistria Rent","description":"","potentialAction":[{"@type":"SearchAction","target":{"@type":"EntryPoint","urlTemplate":"https:\/\/wpsetups.com\/radionica-clone\/?s={search_term_string}"},"query-input":{"@type":"PropertyValueSpecification","valueRequired":true,"valueName":"search_term_string"}}],"inLanguage":"it-IT"},{"@type":"Person","@id":"https:\/\/wpsetups.com\/radionica-clone\/#\/schema\/person\/8d42909acf433e51a90ab46a711baba1","name":"admin","image":{"@type":"ImageObject","inLanguage":"it-IT","@id":"https:\/\/secure.gravatar.com\/avatar\/5625f553f253f456b98a5d87cfed51fdcb711905cfabc618b79b2bda138b35ca?s=96&d=mm&r=g","url":"https:\/\/secure.gravatar.com\/avatar\/5625f553f253f456b98a5d87cfed51fdcb711905cfabc618b79b2bda138b35ca?s=96&d=mm&r=g","contentUrl":"https:\/\/secure.gravatar.com\/avatar\/5625f553f253f456b98a5d87cfed51fdcb711905cfabc618b79b2bda138b35ca?s=96&d=mm&r=g","caption":"admin"},"sameAs":["https:\/\/wpsetups.com\/radionica-clone"],"url":"https:\/\/wpsetups.com\/radionica-clone\/it\/author\/admin_7g0keo8i\/"}]}},"_links":{"self":[{"href":"https:\/\/wpsetups.com\/radionica-clone\/it\/wp-json\/wp\/v2\/posts\/1617","targetHints":{"allow":["GET"]}}],"collection":[{"href":"https:\/\/wpsetups.com\/radionica-clone\/it\/wp-json\/wp\/v2\/posts"}],"about":[{"href":"https:\/\/wpsetups.com\/radionica-clone\/it\/wp-json\/wp\/v2\/types\/post"}],"author":[{"embeddable":true,"href":"https:\/\/wpsetups.com\/radionica-clone\/it\/wp-json\/wp\/v2\/users\/1"}],"replies":[{"embeddable":true,"href":"https:\/\/wpsetups.com\/radionica-clone\/it\/wp-json\/wp\/v2\/comments?post=1617"}],"version-history":[{"count":1,"href":"https:\/\/wpsetups.com\/radionica-clone\/it\/wp-json\/wp\/v2\/posts\/1617\/revisions"}],"predecessor-version":[{"id":1742,"href":"https:\/\/wpsetups.com\/radionica-clone\/it\/wp-json\/wp\/v2\/posts\/1617\/revisions\/1742"}],"wp:featuredmedia":[{"embeddable":true,"href":"https:\/\/wpsetups.com\/radionica-clone\/it\/wp-json\/wp\/v2\/media\/272"}],"wp:attachment":[{"href":"https:\/\/wpsetups.com\/radionica-clone\/it\/wp-json\/wp\/v2\/media?parent=1617"}],"wp:term":[{"taxonomy":"category","embeddable":true,"href":"https:\/\/wpsetups.com\/radionica-clone\/it\/wp-json\/wp\/v2\/categories?post=1617"},{"taxonomy":"post_tag","embeddable":true,"href":"https:\/\/wpsetups.com\/radionica-clone\/it\/wp-json\/wp\/v2\/tags?post=1617"}],"curies":[{"name":"wp","href":"https:\/\/api.w.org\/{rel}","templated":true}]}}