{"id":1510,"date":"2023-11-16T10:17:23","date_gmt":"2023-11-16T10:17:23","guid":{"rendered":"https:\/\/wpsetups.com\/radionica-clone\/vodic-kroz-pulu-povijesni-biser-jadrana\/"},"modified":"2026-07-03T15:28:20","modified_gmt":"2026-07-03T15:28:20","slug":"vodic-kroz-pulu-povijesni-biser-jadrana","status":"publish","type":"post","link":"https:\/\/wpsetups.com\/radionica-clone\/vodic-kroz-pulu-povijesni-biser-jadrana\/","title":{"rendered":"Vodi\u010d kroz Pulu - Povijesni biser Jadrana"},"content":{"rendered":"<p>Pula, smje\u0161tena na ju\u017enom dijelu Istre, jedno je od najsjajnijih dragulja Jadranskog mora. Ovaj grad obiluje bogatom povije\u0161\u0107u, kulturom i prirodnim ljepotama. Za posjetitelje koji \u017eele do\u017eivjeti sve \u010dari ovog bisera, ovo je vodi\u010d kroz neke od najupe\u010datljivijih atrakcija, uklju\u010duju\u0107i Pulsku Arenu, Pula Film Festival i Aquarium Pula.<\/p>\n<h2>Pulska Arena: Veli\u010danstvena ba\u0161tina pro\u0161losti<\/h2>\n<p>Pulska Arena, monumentalni rimski amfiteatar, s pravom se smatra simbolom Pule. Sagra\u0111ena u 1. stolje\u0107u, ova impozantna struktura odnosi nas na razdoblje kada je Pula bila va\u017ean regionalni centar rimskog carstva. Sastavljena od bijelog i sivog lokalnog kamena, Arena je arhitektonski spektakl koji do danas \u010duva duh pro\u0161losti.<\/p>\n<p>Dimenzijama kojima se malo koji drugi amfiteatar mo\u017ee mjeriti, Pulska Arena mo\u017ee primiti vi\u0161e od 20 tisu\u0107a gledatelja. Ovaj rimski koloseum prvotno je bio dom gladijatorskim borbama, borbenim spektaklima i drugim javnim doga\u0111anjima koja su okupljala mase. Impresivna arhitektonska rje\u0161enja, poput niza lukova i stubi\u0161ta, svjedo\u010de o vje\u0161tini i in\u017eenjerskom umije\u0107u anti\u010dkih graditelja.<\/p>\n<p>Ono \u0161to Pulsku Arenu \u010dini jo\u0161 posebnijom jest njezina svestranost kroz stolje\u0107a. Danas, Arena je dom razli\u010ditim kulturnim manifestacijama, glazbenim koncertima, kazali\u0161nim predstavama i filmovima. Svjetla reflektora zamjenjuju sun\u010devu svjetlost, stvaraju\u0107i nezaboravnu atmosferu koja okuplja ljubitelje umjetnosti i povijesti.<\/p>\n<p>Za posjetitelje koji kro\u010de njenim kamenim pragom, Pulska Arena nudi neponovljiv do\u017eivljaj. Osjetit \u0107ete duh anti\u010dkog svijeta dok \u0161etate njenim hodnicima, a pogled na okolni grad s vrha arene pru\u017eit \u0107e vam panoramu koja ostavlja bez daha. Pulska Arena, jednostavno re\u010deno, nije samo arheolo\u0161ki spomenik ve\u0107 i \u017eivopisni svjedok bogate povijesti Pule.<\/p>\n<h2>Pula Film Festival: Filmska umjetnost u srcu Istre<\/h2>\n<p>Pula Film Festival, koji se odr\u017eava u srcu ljeta, postao je sinonim za filmsku umjetnost i okupljanje filmskih entuzijasta diljem regije. Ovaj festival, sa svojim impresivnim naslje\u0111em, nije samo filmski doga\u0111aj ve\u0107 i proslava kreativnosti, talenta i filmske strasti koja \u017eivi u Puli ve\u0107 vi\u0161e od sedamdeset godina.<\/p>\n<p>Grad Pula postaje epicentar filmske industrije tijekom festivala, privla\u010de\u0107i filma\u0161e, glumce, i ljubitelje sedme umjetnosti. Pula Film Festival predstavlja paletu filmskih \u017eanrova, od dugometra\u017enih igranih filmova do kratkih i dokumentarnih ostvarenja, pru\u017eaju\u0107i publici \u0161irok spektar filmskih iskustava.<\/p>\n<p>Festival ne \u010duva samo korijene u filmskoj umjetnosti, ve\u0107 i u kulturi Pule. S projekcijama na otvorenom, filmoljupci imaju priliku u\u017eivati u filmskim biserima pod zvijezdama, stvaraju\u0107i nezaboravno iskustvo koje sjaji u blagom sjaju pulskih no\u0107i.<\/p>\n<p>Dodjela nagrada na kraju festivala nije samo trenutak slavlja najboljih filmskih ostvarenja; to je i priznanje kreativnosti i doprinosa filmskoj industriji. Pula Film Festival ne samo da poti\u010de doma\u0107e filma\u0161e ve\u0107 i povezuje regiju s me\u0111unarodnom filmskom zajednicom.<\/p>\n<p>Ovaj festival nije samo prilika za promociju filmova ve\u0107 i za povezivanje ljubitelja filma s redateljima, glumcima i ostalim filmskim profesionalcima. Atmosfera koja obuzima grad tijekom trajanja festivala neopisivo je posebna - od uzbudljivih projekcija do neformalnih razgovora o filmu, Pula tijekom festivala postaje mjesto gdje se ljubav prema filmu slavi i dijeli. Pula Film Festival zauvijek je ostavio svoj pe\u010dat na filmskoj karti, \u010dine\u0107i Pulu nezaobilaznom destinacijom za sve ljubitelje sedme umjetnosti.<\/p>\n<h2>Aquarium Pula: Podvodni svijet Istre i Jadrana<\/h2>\n<p>Aquarium Pula predstavlja fascinantnu riznicu morskih tajni smje\u0161tenu uz obalu Jadranskog mora. Pozicioniran tik uz more, ovo je mjesto gdje posjetitelji mogu zaroniti u bogatstvo lokalnog podmorja, otkrivaju\u0107i \u010duda morskog svijeta koji obitava du\u017e istarske obale.<\/p>\n<p>Ve\u0107 na ulasku u Aquarium, do\u010dekuje vas \u0161arenilo boja i raznolikost oblika koje karakterizira podvodni svijet. Razne vrste riba, \u0161koljki, koralja i drugih morskih organizama predstavljaju impresivan prikaz biolo\u0161ke raznolikosti Jadranskog mora. Akvariji su dizajnirani kako bi simulirali prirodno stani\u0161te, pru\u017eaju\u0107i posjetiteljima autenti\u010dno iskustvo promatranja morskog \u017eivota.<\/p>\n<p>Jedan od posebnih trenutaka u Aquariumu Pula su hodnici od kamena, gdje se posjetitelji doslovno mogu osje\u0107ati kao da \u0161e\u0107u kraj mora i kroz povijest Pule. Ovaj do\u017eivljaj omogu\u0107uje da budete okru\u017eeni ribama i drugim morskim stanovnicima, stvaraju\u0107i osje\u0107aj povezanosti s podvodnim svijetom.<\/p>\n<p>Aquarium tako\u0111er igra va\u017enu ulogu u edukaciji posjetitelja o o\u010duvanju morskog okoli\u0161a. Kroz interaktivne izlo\u017ebe, edukativne radionice i informacije o za\u0161titi morskih vrsta, posjetitelji dobivaju uvid u fragilnost morskog ekosustava i svoju ulogu u o\u010duvanju istog.<\/p>\n<p>Oni s posebnim interesom za morske organizme mogu pridru\u017eiti stru\u010dno vo\u0111enim tura koje pru\u017eaju dodatne informacije o biologiji, pona\u0161anju i o\u010duvanju morskih vrsta. Ovaj oblik edukacije dodatno oboga\u0107uje posjet, \u010dine\u0107i ga ne samo vizualno atraktivnim ve\u0107 i obrazovnim iskustvom.<\/p>\n<h2>Kroz Pulu s na\u0161im luksuznim smje\u0161tajem<\/h2>\n<p>U zaklju\u010dku ovog vodi\u010da kroz Pulu, jednostavno je nemogu\u0107e ne odati po\u010dast bogatstvu, raznolikosti i ljepoti koju ovaj grad pru\u017ea svojim posjetiteljima. Od impozantne Pulske Arene, koja nudi putovanje kroz vrijeme u antiku, preko dinami\u010dne atmosfere Pula Film Festivala, gdje se svaki kadar pretvara u remek-djelo, pa sve do \u010darolije podvodnog svijeta u Aquariumu Pula - svaki trenutak proveden u ovom jadranskom biseru ostavlja neizbrisiv dojam.<\/p>\n<p>Pula, svojom jedinstvenom kombinacijom povijesti, kulture i prirodnih ljepota, pru\u017ea posjetiteljima iskustvo koje budi sva \u010dula. Njene slikovite ulice, lokalne konobe, tirkizno more i brojne manifestacije \u010dine je destinacijom koja odu\u0161evljava i osvaja srca svih koji je posjete.<\/p>\n<p>Ovaj grad ne samo da \u010duva svoje bogato naslje\u0111e ve\u0107 se i razvija kao suvremena destinacija koja istovremeno njeguje svoj autenti\u010dni karakter. Pula je poput knjige koju uvijek \u017eelite ponovno \u010ditati, otkrivaju\u0107i nove pri\u010de i ljepote svakim korakom.<\/p>\n<p>Stoga, ako razmi\u0161ljate o sljede\u0107em putovanju, neka Pula bude na vrhu va\u0161e liste destinacija. Ovaj jadranski dragulj pru\u017ea nezaboravno iskustvo koje \u0107e vas ostaviti sje\u0107anjima za cijeli \u017eivot. Pula - grad koji o\u010darava svojom ljepotom, toplinom i autenti\u010dno\u0161\u0107u, \u010deka vas ra\u0161irenih ruku.<\/p>\n<p>Za one koji \u017eele dodatno produbiti svoje iskustvo Pule, <a href=\"\/\" target=\"_blank\" rel=\"noopener\">LuxIstria nudi ekskluzivan smje\u0161taj u srcu ovog jedinstvenog grada<\/a>. Smje\u0161teni u mirnim predjelima, na\u0161i luksuzni smje\u0161taji nude oazu privatnosti i udobnosti, pru\u017eaju\u0107i vam savr\u0161en bijeg nakon dana ispunjenog istra\u017eivanjem kulturnih znamenitosti, u\u017eivanjem u filmskim \u010darolijama ili istra\u017eivanjem morskih dubina.<\/p>\n<p>Bilo da se odlu\u010dite za vilu s predivnim vrtom, prostranim bazenom ili terasom s pogledom na more, na\u0161a ponuda smje\u0161taja savr\u0161eno se uklapa u duh Pule. Udobnost, luksuz i sofisticiranost karakteriziraju na\u0161e vile, pru\u017eaju\u0107i vam prostor gdje mo\u017eete u potpunosti osjetiti puls grada.<\/p>\n","protected":false},"excerpt":{"rendered":"<p>Pula, smje&scaron;tena na ju\u017enom dijelu Istre, jedno je od najsjajnijih dragulja Jadranskog mora.&nbsp;Ovaj grad obiluje bogatom povije&scaron;\u0107u, kulturom i prirodnim ljepotama.<\/p>\n","protected":false},"author":1,"featured_media":272,"comment_status":"open","ping_status":"closed","sticky":false,"template":"","format":"standard","meta":{"footnotes":""},"categories":[1299],"tags":[],"class_list":["post-1510","post","type-post","status-publish","format-standard","has-post-thumbnail","hentry","category-novosti"],"yoast_head":"<!-- This site is optimized with the Yoast SEO plugin v28.2 - https:\/\/yoast.com\/product\/yoast-seo-wordpress\/ -->\n<title>Vodi\u010d kroz Pulu - Povijesni biser Jadrana - Luxistria Rent<\/title>\n<meta name=\"robots\" content=\"noindex, follow, max-snippet:-1, max-image-preview:large, max-video-preview:-1\" \/>\n<meta property=\"og:locale\" content=\"hr_HR\" \/>\n<meta property=\"og:type\" content=\"article\" \/>\n<meta property=\"og:title\" content=\"Vodi\u010d kroz Pulu - Povijesni biser Jadrana - Luxistria Rent\" \/>\n<meta property=\"og:description\" content=\"Pula, smje&scaron;tena na ju\u017enom dijelu Istre, jedno je od najsjajnijih dragulja Jadranskog mora.&nbsp;Ovaj grad obiluje bogatom povije&scaron;\u0107u, kulturom i prirodnim ljepotama.\" \/>\n<meta property=\"og:url\" content=\"https:\/\/wpsetups.com\/radionica-clone\/vodic-kroz-pulu-povijesni-biser-jadrana\/\" \/>\n<meta property=\"og:site_name\" content=\"Luxistria Rent\" \/>\n<meta property=\"article:published_time\" content=\"2023-11-16T10:17:23+00:00\" \/>\n<meta property=\"article:modified_time\" content=\"2026-07-03T15:28:20+00:00\" \/>\n<meta property=\"og:image\" content=\"https:\/\/wpsetups.com\/radionica-clone\/wp-content\/uploads\/2026\/05\/1700129843_2721.webp\" \/>\n\t<meta property=\"og:image:width\" content=\"1000\" \/>\n\t<meta property=\"og:image:height\" content=\"749\" \/>\n\t<meta property=\"og:image:type\" content=\"image\/webp\" \/>\n<meta name=\"author\" content=\"admin\" \/>\n<meta name=\"twitter:card\" content=\"summary_large_image\" \/>\n<meta name=\"twitter:label1\" content=\"Napisao\/la\" \/>\n\t<meta name=\"twitter:data1\" content=\"admin\" \/>\n\t<meta name=\"twitter:label2\" content=\"Procijenjeno vrijeme \u010ditanja\" \/>\n\t<meta name=\"twitter:data2\" content=\"5 minuta\" \/>\n<script type=\"application\/ld+json\" class=\"yoast-schema-graph\">{\"@context\":\"https:\\\/\\\/schema.org\",\"@graph\":[{\"@type\":\"Article\",\"@id\":\"https:\\\/\\\/wpsetups.com\\\/radionica-clone\\\/vodic-kroz-pulu-povijesni-biser-jadrana\\\/#article\",\"isPartOf\":{\"@id\":\"https:\\\/\\\/wpsetups.com\\\/radionica-clone\\\/vodic-kroz-pulu-povijesni-biser-jadrana\\\/\"},\"author\":{\"name\":\"admin\",\"@id\":\"https:\\\/\\\/wpsetups.com\\\/radionica-clone\\\/#\\\/schema\\\/person\\\/8d42909acf433e51a90ab46a711baba1\"},\"headline\":\"Vodi\u010d kroz Pulu - Povijesni biser Jadrana\",\"datePublished\":\"2023-11-16T10:17:23+00:00\",\"dateModified\":\"2026-07-03T15:28:20+00:00\",\"mainEntityOfPage\":{\"@id\":\"https:\\\/\\\/wpsetups.com\\\/radionica-clone\\\/vodic-kroz-pulu-povijesni-biser-jadrana\\\/\"},\"wordCount\":1106,\"commentCount\":0,\"image\":{\"@id\":\"https:\\\/\\\/wpsetups.com\\\/radionica-clone\\\/vodic-kroz-pulu-povijesni-biser-jadrana\\\/#primaryimage\"},\"thumbnailUrl\":\"https:\\\/\\\/wpsetups.com\\\/radionica-clone\\\/wp-content\\\/uploads\\\/2026\\\/05\\\/1700129843_2721.webp\",\"articleSection\":[\"Novosti\"],\"inLanguage\":\"hr\",\"potentialAction\":[{\"@type\":\"CommentAction\",\"name\":\"Comment\",\"target\":[\"https:\\\/\\\/wpsetups.com\\\/radionica-clone\\\/vodic-kroz-pulu-povijesni-biser-jadrana\\\/#respond\"]}]},{\"@type\":\"WebPage\",\"@id\":\"https:\\\/\\\/wpsetups.com\\\/radionica-clone\\\/vodic-kroz-pulu-povijesni-biser-jadrana\\\/\",\"url\":\"https:\\\/\\\/wpsetups.com\\\/radionica-clone\\\/vodic-kroz-pulu-povijesni-biser-jadrana\\\/\",\"name\":\"Vodi\u010d kroz Pulu - Povijesni biser Jadrana - Luxistria Rent\",\"isPartOf\":{\"@id\":\"https:\\\/\\\/wpsetups.com\\\/radionica-clone\\\/#website\"},\"primaryImageOfPage\":{\"@id\":\"https:\\\/\\\/wpsetups.com\\\/radionica-clone\\\/vodic-kroz-pulu-povijesni-biser-jadrana\\\/#primaryimage\"},\"image\":{\"@id\":\"https:\\\/\\\/wpsetups.com\\\/radionica-clone\\\/vodic-kroz-pulu-povijesni-biser-jadrana\\\/#primaryimage\"},\"thumbnailUrl\":\"https:\\\/\\\/wpsetups.com\\\/radionica-clone\\\/wp-content\\\/uploads\\\/2026\\\/05\\\/1700129843_2721.webp\",\"datePublished\":\"2023-11-16T10:17:23+00:00\",\"dateModified\":\"2026-07-03T15:28:20+00:00\",\"author\":{\"@id\":\"https:\\\/\\\/wpsetups.com\\\/radionica-clone\\\/#\\\/schema\\\/person\\\/8d42909acf433e51a90ab46a711baba1\"},\"breadcrumb\":{\"@id\":\"https:\\\/\\\/wpsetups.com\\\/radionica-clone\\\/vodic-kroz-pulu-povijesni-biser-jadrana\\\/#breadcrumb\"},\"inLanguage\":\"hr\",\"potentialAction\":[{\"@type\":\"ReadAction\",\"target\":[\"https:\\\/\\\/wpsetups.com\\\/radionica-clone\\\/vodic-kroz-pulu-povijesni-biser-jadrana\\\/\"]}]},{\"@type\":\"ImageObject\",\"inLanguage\":\"hr\",\"@id\":\"https:\\\/\\\/wpsetups.com\\\/radionica-clone\\\/vodic-kroz-pulu-povijesni-biser-jadrana\\\/#primaryimage\",\"url\":\"https:\\\/\\\/wpsetups.com\\\/radionica-clone\\\/wp-content\\\/uploads\\\/2026\\\/05\\\/1700129843_2721.webp\",\"contentUrl\":\"https:\\\/\\\/wpsetups.com\\\/radionica-clone\\\/wp-content\\\/uploads\\\/2026\\\/05\\\/1700129843_2721.webp\",\"width\":1000,\"height\":749},{\"@type\":\"BreadcrumbList\",\"@id\":\"https:\\\/\\\/wpsetups.com\\\/radionica-clone\\\/vodic-kroz-pulu-povijesni-biser-jadrana\\\/#breadcrumb\",\"itemListElement\":[{\"@type\":\"ListItem\",\"position\":1,\"name\":\"Home\",\"item\":\"https:\\\/\\\/wpsetups.com\\\/radionica-clone\\\/\"},{\"@type\":\"ListItem\",\"position\":2,\"name\":\"Vodi\u010d kroz Pulu - Povijesni biser Jadrana\"}]},{\"@type\":\"WebSite\",\"@id\":\"https:\\\/\\\/wpsetups.com\\\/radionica-clone\\\/#website\",\"url\":\"https:\\\/\\\/wpsetups.com\\\/radionica-clone\\\/\",\"name\":\"Luxistria Rent\",\"description\":\"\",\"potentialAction\":[{\"@type\":\"SearchAction\",\"target\":{\"@type\":\"EntryPoint\",\"urlTemplate\":\"https:\\\/\\\/wpsetups.com\\\/radionica-clone\\\/?s={search_term_string}\"},\"query-input\":{\"@type\":\"PropertyValueSpecification\",\"valueRequired\":true,\"valueName\":\"search_term_string\"}}],\"inLanguage\":\"hr\"},{\"@type\":\"Person\",\"@id\":\"https:\\\/\\\/wpsetups.com\\\/radionica-clone\\\/#\\\/schema\\\/person\\\/8d42909acf433e51a90ab46a711baba1\",\"name\":\"admin\",\"image\":{\"@type\":\"ImageObject\",\"inLanguage\":\"hr\",\"@id\":\"https:\\\/\\\/secure.gravatar.com\\\/avatar\\\/5625f553f253f456b98a5d87cfed51fdcb711905cfabc618b79b2bda138b35ca?s=96&d=mm&r=g\",\"url\":\"https:\\\/\\\/secure.gravatar.com\\\/avatar\\\/5625f553f253f456b98a5d87cfed51fdcb711905cfabc618b79b2bda138b35ca?s=96&d=mm&r=g\",\"contentUrl\":\"https:\\\/\\\/secure.gravatar.com\\\/avatar\\\/5625f553f253f456b98a5d87cfed51fdcb711905cfabc618b79b2bda138b35ca?s=96&d=mm&r=g\",\"caption\":\"admin\"},\"sameAs\":[\"https:\\\/\\\/wpsetups.com\\\/radionica-clone\"],\"url\":\"https:\\\/\\\/wpsetups.com\\\/radionica-clone\\\/author\\\/admin_7g0keo8i\\\/\"}]}<\/script>\n<!-- \/ Yoast SEO plugin. -->","yoast_head_json":{"title":"Vodi\u010d kroz Pulu - Povijesni biser Jadrana - Luxistria Rent","robots":{"index":"noindex","follow":"follow","max-snippet":"max-snippet:-1","max-image-preview":"max-image-preview:large","max-video-preview":"max-video-preview:-1"},"og_locale":"hr_HR","og_type":"article","og_title":"Vodi\u010d kroz Pulu - Povijesni biser Jadrana - Luxistria Rent","og_description":"Pula, smje&scaron;tena na ju\u017enom dijelu Istre, jedno je od najsjajnijih dragulja Jadranskog mora.&nbsp;Ovaj grad obiluje bogatom povije&scaron;\u0107u, kulturom i prirodnim ljepotama.","og_url":"https:\/\/wpsetups.com\/radionica-clone\/vodic-kroz-pulu-povijesni-biser-jadrana\/","og_site_name":"Luxistria Rent","article_published_time":"2023-11-16T10:17:23+00:00","article_modified_time":"2026-07-03T15:28:20+00:00","og_image":[{"width":1000,"height":749,"url":"https:\/\/wpsetups.com\/radionica-clone\/wp-content\/uploads\/2026\/05\/1700129843_2721.webp","type":"image\/webp"}],"author":"admin","twitter_card":"summary_large_image","twitter_misc":{"Napisao\/la":"admin","Procijenjeno vrijeme \u010ditanja":"5 minuta"},"schema":{"@context":"https:\/\/schema.org","@graph":[{"@type":"Article","@id":"https:\/\/wpsetups.com\/radionica-clone\/vodic-kroz-pulu-povijesni-biser-jadrana\/#article","isPartOf":{"@id":"https:\/\/wpsetups.com\/radionica-clone\/vodic-kroz-pulu-povijesni-biser-jadrana\/"},"author":{"name":"admin","@id":"https:\/\/wpsetups.com\/radionica-clone\/#\/schema\/person\/8d42909acf433e51a90ab46a711baba1"},"headline":"Vodi\u010d kroz Pulu - Povijesni biser Jadrana","datePublished":"2023-11-16T10:17:23+00:00","dateModified":"2026-07-03T15:28:20+00:00","mainEntityOfPage":{"@id":"https:\/\/wpsetups.com\/radionica-clone\/vodic-kroz-pulu-povijesni-biser-jadrana\/"},"wordCount":1106,"commentCount":0,"image":{"@id":"https:\/\/wpsetups.com\/radionica-clone\/vodic-kroz-pulu-povijesni-biser-jadrana\/#primaryimage"},"thumbnailUrl":"https:\/\/wpsetups.com\/radionica-clone\/wp-content\/uploads\/2026\/05\/1700129843_2721.webp","articleSection":["Novosti"],"inLanguage":"hr","potentialAction":[{"@type":"CommentAction","name":"Comment","target":["https:\/\/wpsetups.com\/radionica-clone\/vodic-kroz-pulu-povijesni-biser-jadrana\/#respond"]}]},{"@type":"WebPage","@id":"https:\/\/wpsetups.com\/radionica-clone\/vodic-kroz-pulu-povijesni-biser-jadrana\/","url":"https:\/\/wpsetups.com\/radionica-clone\/vodic-kroz-pulu-povijesni-biser-jadrana\/","name":"Vodi\u010d kroz Pulu - Povijesni biser Jadrana - Luxistria Rent","isPartOf":{"@id":"https:\/\/wpsetups.com\/radionica-clone\/#website"},"primaryImageOfPage":{"@id":"https:\/\/wpsetups.com\/radionica-clone\/vodic-kroz-pulu-povijesni-biser-jadrana\/#primaryimage"},"image":{"@id":"https:\/\/wpsetups.com\/radionica-clone\/vodic-kroz-pulu-povijesni-biser-jadrana\/#primaryimage"},"thumbnailUrl":"https:\/\/wpsetups.com\/radionica-clone\/wp-content\/uploads\/2026\/05\/1700129843_2721.webp","datePublished":"2023-11-16T10:17:23+00:00","dateModified":"2026-07-03T15:28:20+00:00","author":{"@id":"https:\/\/wpsetups.com\/radionica-clone\/#\/schema\/person\/8d42909acf433e51a90ab46a711baba1"},"breadcrumb":{"@id":"https:\/\/wpsetups.com\/radionica-clone\/vodic-kroz-pulu-povijesni-biser-jadrana\/#breadcrumb"},"inLanguage":"hr","potentialAction":[{"@type":"ReadAction","target":["https:\/\/wpsetups.com\/radionica-clone\/vodic-kroz-pulu-povijesni-biser-jadrana\/"]}]},{"@type":"ImageObject","inLanguage":"hr","@id":"https:\/\/wpsetups.com\/radionica-clone\/vodic-kroz-pulu-povijesni-biser-jadrana\/#primaryimage","url":"https:\/\/wpsetups.com\/radionica-clone\/wp-content\/uploads\/2026\/05\/1700129843_2721.webp","contentUrl":"https:\/\/wpsetups.com\/radionica-clone\/wp-content\/uploads\/2026\/05\/1700129843_2721.webp","width":1000,"height":749},{"@type":"BreadcrumbList","@id":"https:\/\/wpsetups.com\/radionica-clone\/vodic-kroz-pulu-povijesni-biser-jadrana\/#breadcrumb","itemListElement":[{"@type":"ListItem","position":1,"name":"Home","item":"https:\/\/wpsetups.com\/radionica-clone\/"},{"@type":"ListItem","position":2,"name":"Vodi\u010d kroz Pulu - Povijesni biser Jadrana"}]},{"@type":"WebSite","@id":"https:\/\/wpsetups.com\/radionica-clone\/#website","url":"https:\/\/wpsetups.com\/radionica-clone\/","name":"Luxistria Rent","description":"","potentialAction":[{"@type":"SearchAction","target":{"@type":"EntryPoint","urlTemplate":"https:\/\/wpsetups.com\/radionica-clone\/?s={search_term_string}"},"query-input":{"@type":"PropertyValueSpecification","valueRequired":true,"valueName":"search_term_string"}}],"inLanguage":"hr"},{"@type":"Person","@id":"https:\/\/wpsetups.com\/radionica-clone\/#\/schema\/person\/8d42909acf433e51a90ab46a711baba1","name":"admin","image":{"@type":"ImageObject","inLanguage":"hr","@id":"https:\/\/secure.gravatar.com\/avatar\/5625f553f253f456b98a5d87cfed51fdcb711905cfabc618b79b2bda138b35ca?s=96&d=mm&r=g","url":"https:\/\/secure.gravatar.com\/avatar\/5625f553f253f456b98a5d87cfed51fdcb711905cfabc618b79b2bda138b35ca?s=96&d=mm&r=g","contentUrl":"https:\/\/secure.gravatar.com\/avatar\/5625f553f253f456b98a5d87cfed51fdcb711905cfabc618b79b2bda138b35ca?s=96&d=mm&r=g","caption":"admin"},"sameAs":["https:\/\/wpsetups.com\/radionica-clone"],"url":"https:\/\/wpsetups.com\/radionica-clone\/author\/admin_7g0keo8i\/"}]}},"_links":{"self":[{"href":"https:\/\/wpsetups.com\/radionica-clone\/wp-json\/wp\/v2\/posts\/1510","targetHints":{"allow":["GET"]}}],"collection":[{"href":"https:\/\/wpsetups.com\/radionica-clone\/wp-json\/wp\/v2\/posts"}],"about":[{"href":"https:\/\/wpsetups.com\/radionica-clone\/wp-json\/wp\/v2\/types\/post"}],"author":[{"embeddable":true,"href":"https:\/\/wpsetups.com\/radionica-clone\/wp-json\/wp\/v2\/users\/1"}],"replies":[{"embeddable":true,"href":"https:\/\/wpsetups.com\/radionica-clone\/wp-json\/wp\/v2\/comments?post=1510"}],"version-history":[{"count":1,"href":"https:\/\/wpsetups.com\/radionica-clone\/wp-json\/wp\/v2\/posts\/1510\/revisions"}],"predecessor-version":[{"id":1741,"href":"https:\/\/wpsetups.com\/radionica-clone\/wp-json\/wp\/v2\/posts\/1510\/revisions\/1741"}],"wp:featuredmedia":[{"embeddable":true,"href":"https:\/\/wpsetups.com\/radionica-clone\/wp-json\/wp\/v2\/media\/272"}],"wp:attachment":[{"href":"https:\/\/wpsetups.com\/radionica-clone\/wp-json\/wp\/v2\/media?parent=1510"}],"wp:term":[{"taxonomy":"category","embeddable":true,"href":"https:\/\/wpsetups.com\/radionica-clone\/wp-json\/wp\/v2\/categories?post=1510"},{"taxonomy":"post_tag","embeddable":true,"href":"https:\/\/wpsetups.com\/radionica-clone\/wp-json\/wp\/v2\/tags?post=1510"}],"curies":[{"name":"wp","href":"https:\/\/api.w.org\/{rel}","templated":true}]}}