{"id":1563,"date":"2025-06-05T10:33:35","date_gmt":"2025-06-05T10:33:35","guid":{"rendered":"https:\/\/wpsetups.com\/temp-radionica2\/fruehling-in-porec\/"},"modified":"2026-07-03T13:55:08","modified_gmt":"2026-07-03T13:55:08","slug":"fruehling-in-porec","status":"publish","type":"post","link":"https:\/\/wpsetups.com\/temp-radionica2\/de\/fruehling-in-porec\/","title":{"rendered":"Fr\u00fchling in Pore\u010d"},"content":{"rendered":"\n<article class=\"text-token-text-primary w-full\" dir=\"auto\" data-testid=\"conversation-turn-10\" data-scroll-anchor=\"true\">\n<div class=\"text-base my-auto mx-auto py-5 [--thread-content-margin:--spacing(4)] @[37rem]:[--thread-content-margin:--spacing(6)] @[72rem]:[--thread-content-margin:--spacing(16)] px-(--thread-content-margin)\">\n<div class=\"[--thread-content-max-width:32rem] @[34rem]:[--thread-content-max-width:40rem] @[64rem]:[--thread-content-max-width:48rem] mx-auto flex max-w-(--thread-content-max-width) flex-1 text-base gap-4 md:gap-5 lg:gap-6 group\/turn-messages focus-visible:outline-hidden\" tabindex=\"-1\">\n<div class=\"group\/conversation-turn relative flex w-full min-w-0 flex-col agent-turn\">\n<div class=\"relative flex-col gap-1 md:gap-3\">\n<div class=\"flex max-w-full flex-col grow\">\n<div class=\"min-h-8 text-message relative flex w-full flex-col items-end gap-2 text-start break-words whitespace-normal [.text-message+&amp;]:mt-5\" dir=\"auto\" data-message-author-role=\"assistant\" data-message-id=\"26232df7-0cce-432c-b16f-77d45a493b45\" data-message-model-slug=\"gpt-4o\">\n<div class=\"flex w-full flex-col gap-1 empty:hidden first:pt-[3px]\">\n<div class=\"markdown prose dark:prose-invert w-full break-words light\">\n<p data-start=\"0\" data-end=\"543\"><strong data-start=\"0\" data-end=\"40\">Genie&szlig;en Sie die Sch&ouml;nheit der Natur<\/strong><br data-start=\"40\" data-end=\"43\" \/> Die Sch&ouml;nheit von Pore\u010d kommt besonders in den Fr&uuml;hlingsmonaten zur Geltung, wenn Wildblumen die Landschaft schm&uuml;cken und die mediterrane Vegetation in voller Bl&uuml;te steht. Naturliebhaber k&ouml;nnen entspannte Spazierg&auml;nge entlang unber&uuml;hrter Str&auml;nde unternehmen oder sich auf abenteuerliche Wanderungen durch die gr&uuml;nen W&auml;lder rund um die Region begeben. Die Meeresbrise in Kombination mit dem aromatischen Duft bl&uuml;hender Pflanzen sorgt f&uuml;r ein erfrischendes und entspannendes Erlebnis f&uuml;r alle Besucher.<\/p>\n<p data-start=\"545\" data-end=\"1138\"><strong data-start=\"545\" data-end=\"596\">Entdecken Sie den historischen Charme von Pore\u010d<\/strong><br data-start=\"596\" data-end=\"599\" \/> Der historische Reiz von Pore\u010d ist in seiner antiken Architektur und seinen bedeutenden historischen St&auml;tten deutlich sp&uuml;rbar. Ein Besuch der <strong><a href=\"https:\/\/www.myporec.com\/de\/porec-entdecken\/euphrasiana\/25\">Euphrasius-Basilika<\/a><\/strong>, die zum UNESCO-Weltkulturerbe geh&ouml;rt, gew&auml;hrt Einblicke in die reiche Vergangenheit der Stadt. Beim Spaziergang durch die gepflasterten Gassen k&ouml;nnen Besucher r&ouml;mische Tempel und gotische Pal&auml;ste bewundern, von denen jeder seine eigene Geschichte erz&auml;hlt. Der Fr&uuml;hling ist die perfekte Zeit, um tiefer in die Geschichte dieser au&szlig;ergew&ouml;hnlichen kroatischen Stadt einzutauchen.<\/p>\n<p data-start=\"1140\" data-end=\"1677\"><strong data-start=\"1140\" data-end=\"1173\">Genie&szlig;en Sie lokale Weinfeste<\/strong><br data-start=\"1173\" data-end=\"1176\" \/> Im Fr&uuml;hling ist Pore\u010d Gastgeber zahlreicher Weinfeste, die Weinliebhaber dazu einladen, lokale Spezialit&auml;ten zu verkosten. Diese Veranstaltungen feiern die bekannte <strong><a href=\"https:\/\/vinarossi.com\/en\/\">Weintradition<\/a><\/strong> der Region und bieten Verkostungen regionaler Weine in Kombination mit traditioneller kroatischer K&uuml;che. Der Austausch mit lokalen Winzern und die Teilnahme an Weinbergtouren bereichern das gesamte Erlebnis und machen den Fr&uuml;hling zu einer unvergesslichen Zeit f&uuml;r alle, die in die<strong><a href=\"https:\/\/vina-tomaz.hr\/hr\/\"> Weinkultur<\/a><\/strong> von Pore\u010d eintauchen m&ouml;chten.<\/p>\n<p data-start=\"1679\" data-end=\"2235\"><strong data-start=\"1679\" data-end=\"1718\">Ein Fr&uuml;hling voller Veranstaltungen<\/strong><br data-start=\"1718\" data-end=\"1721\" \/> Die Fr&uuml;hlingssaison in Pore\u010d ist gepr&auml;gt von vielf&auml;ltigen kulturellen und freizeitorientierten Veranstaltungen &ndash; von Kunstausstellungen bis hin zu Musikfestivals. Auf den lokalen M&auml;rkten mischen sich die D&uuml;fte frischer Produkte mit handgefertigten Waren und dem fr&ouml;hlichen Stimmengewirr der Besucher. Ob Sie Entspannung oder Abenteuer suchen &ndash; der Fr&uuml;hling in Pore\u010d bietet eine Vielzahl an Aktivit&auml;ten f&uuml;r jeden Geschmack und garantiert einen unvergesslichen Aufenthalt in diesem malerischen kroatischen St&auml;dtchen.<\/p>\n<p data-start=\"2237\" data-end=\"2489\" data-is-last-node=\"\" data-is-only-node=\"\"><strong data-start=\"2237\" data-end=\"2489\" data-is-last-node=\"\">Indem Sie sich mit der Natur verbinden, erlesene Weine genie&szlig;en und die historischen Wunder von Pore\u010d erkunden, werden Sie entdecken, wie diese Stadt auf elegante Weise den einzigartigen Charme und die Sch&ouml;nheit Kroatiens im Fr&uuml;hling widerspiegelt.<\/strong><\/p>\n<\/div>\n<\/div>\n<\/div>\n<\/div>\n<div class=\"flex min-h-[46px] justify-start\">&nbsp;<\/div>\n<\/div>\n<div class=\"absolute\">&nbsp;<\/div>\n<\/div>\n<\/div>\n<\/div>\n<\/article>\n<div class=\"pointer-events-none h-px w-px\" aria-hidden=\"true\" data-edge=\"true\">&nbsp;<\/div>\n","protected":false},"excerpt":{"rendered":"<p>Fr&uuml;hling in Pore\u010d: Die besten Aktivit&auml;ten f&uuml;r Naturliebhaber<br \/>Entdecken Sie die Sch&ouml;nheit von Pore\u010d im Fr&uuml;hling<br \/>W&auml;hrend der bezaubernden Fr&uuml;hlingszeit erwacht Pore\u010d &ndash; eine charmante Stadt an der Adriak&uuml;ste Kroatiens &ndash; zum Leben und bietet eine Vielzahl von Aktivit&auml;ten f&uuml;r Naturliebhaber. Bekannt f&uuml;r seine atemberaubenden Landschaften, farbenfrohen Blumen und angenehmes Wetter, ist der Fr&uuml;hling die ideale Jahreszeit, um die nat&uuml;rlichen und historischen Sch&auml;tze von Pore\u010d zu erkunden. Die einzigartige Verbindung aus &uuml;ppiger Flora, reicher Geschichte und kulturellem Erbe macht diese Stadt zu einem au&szlig;ergew&ouml;hnlichen Reiseziel.<\/p>\n","protected":false},"author":1,"featured_media":229,"comment_status":"open","ping_status":"closed","sticky":false,"template":"","format":"standard","meta":{"footnotes":""},"categories":[1301],"tags":[],"class_list":["post-1563","post","type-post","status-publish","format-standard","has-post-thumbnail","hentry","category-nachricht"],"yoast_head":"<!-- This site is optimized with the Yoast SEO plugin v28.2 - https:\/\/yoast.com\/product\/yoast-seo-wordpress\/ -->\n<title>Fr\u00fchling in Pore\u010d - Luxistria Rent<\/title>\n<meta name=\"robots\" content=\"noindex, follow, max-snippet:-1, max-image-preview:large, max-video-preview:-1\" \/>\n<meta property=\"og:locale\" content=\"de_DE\" \/>\n<meta property=\"og:type\" content=\"article\" \/>\n<meta property=\"og:title\" content=\"Fr\u00fchling in Pore\u010d - Luxistria Rent\" \/>\n<meta property=\"og:description\" content=\"Fr&uuml;hling in Pore\u010d: Die besten Aktivit&auml;ten f&uuml;r NaturliebhaberEntdecken Sie die Sch&ouml;nheit von Pore\u010d im Fr&uuml;hlingW&auml;hrend der bezaubernden Fr&uuml;hlingszeit erwacht Pore\u010d &ndash; eine charmante Stadt an der Adriak&uuml;ste Kroatiens &ndash; zum Leben und bietet eine Vielzahl von Aktivit&auml;ten f&uuml;r Naturliebhaber. Bekannt f&uuml;r seine atemberaubenden Landschaften, farbenfrohen Blumen und angenehmes Wetter, ist der Fr&uuml;hling die ideale Jahreszeit, um die nat&uuml;rlichen und historischen Sch&auml;tze von Pore\u010d zu erkunden. Die einzigartige Verbindung aus &uuml;ppiger Flora, reicher Geschichte und kulturellem Erbe macht diese Stadt zu einem au&szlig;ergew&ouml;hnlichen Reiseziel.\" \/>\n<meta property=\"og:url\" content=\"https:\/\/wpsetups.com\/temp-radionica2\/de\/fruehling-in-porec\/\" \/>\n<meta property=\"og:site_name\" content=\"Luxistria Rent\" \/>\n<meta property=\"article:published_time\" content=\"2025-06-05T10:33:35+00:00\" \/>\n<meta property=\"article:modified_time\" content=\"2026-07-03T13:55:08+00:00\" \/>\n<meta property=\"og:image\" content=\"https:\/\/wpsetups.com\/temp-radionica2\/wp-content\/uploads\/2026\/05\/1749119615_3977.webp\" \/>\n\t<meta property=\"og:image:width\" content=\"1000\" \/>\n\t<meta property=\"og:image:height\" content=\"625\" \/>\n\t<meta property=\"og:image:type\" content=\"image\/webp\" \/>\n<meta name=\"author\" content=\"admin\" \/>\n<meta name=\"twitter:card\" content=\"summary_large_image\" \/>\n<meta name=\"twitter:label1\" content=\"Verfasst von\" \/>\n\t<meta name=\"twitter:data1\" content=\"admin\" \/>\n\t<meta name=\"twitter:label2\" content=\"Gesch\u00e4tzte Lesezeit\" \/>\n\t<meta name=\"twitter:data2\" content=\"2\u00a0Minuten\" \/>\n<script type=\"application\/ld+json\" class=\"yoast-schema-graph\">{\"@context\":\"https:\\\/\\\/schema.org\",\"@graph\":[{\"@type\":\"Article\",\"@id\":\"https:\\\/\\\/wpsetups.com\\\/temp-radionica2\\\/de\\\/fruehling-in-porec\\\/#article\",\"isPartOf\":{\"@id\":\"https:\\\/\\\/wpsetups.com\\\/temp-radionica2\\\/de\\\/fruehling-in-porec\\\/\"},\"author\":{\"name\":\"admin\",\"@id\":\"https:\\\/\\\/wpsetups.com\\\/temp-radionica2\\\/#\\\/schema\\\/person\\\/8d42909acf433e51a90ab46a711baba1\"},\"headline\":\"Fr\u00fchling in Pore\u010d\",\"datePublished\":\"2025-06-05T10:33:35+00:00\",\"dateModified\":\"2026-07-03T13:55:08+00:00\",\"mainEntityOfPage\":{\"@id\":\"https:\\\/\\\/wpsetups.com\\\/temp-radionica2\\\/de\\\/fruehling-in-porec\\\/\"},\"wordCount\":427,\"commentCount\":0,\"image\":{\"@id\":\"https:\\\/\\\/wpsetups.com\\\/temp-radionica2\\\/de\\\/fruehling-in-porec\\\/#primaryimage\"},\"thumbnailUrl\":\"https:\\\/\\\/wpsetups.com\\\/temp-radionica2\\\/wp-content\\\/uploads\\\/2026\\\/05\\\/1749119615_3977.webp\",\"articleSection\":[\"Nachricht\"],\"inLanguage\":\"de\",\"potentialAction\":[{\"@type\":\"CommentAction\",\"name\":\"Comment\",\"target\":[\"https:\\\/\\\/wpsetups.com\\\/temp-radionica2\\\/de\\\/fruehling-in-porec\\\/#respond\"]}]},{\"@type\":\"WebPage\",\"@id\":\"https:\\\/\\\/wpsetups.com\\\/temp-radionica2\\\/de\\\/fruehling-in-porec\\\/\",\"url\":\"https:\\\/\\\/wpsetups.com\\\/temp-radionica2\\\/de\\\/fruehling-in-porec\\\/\",\"name\":\"Fr\u00fchling in Pore\u010d - Luxistria Rent\",\"isPartOf\":{\"@id\":\"https:\\\/\\\/wpsetups.com\\\/temp-radionica2\\\/#website\"},\"primaryImageOfPage\":{\"@id\":\"https:\\\/\\\/wpsetups.com\\\/temp-radionica2\\\/de\\\/fruehling-in-porec\\\/#primaryimage\"},\"image\":{\"@id\":\"https:\\\/\\\/wpsetups.com\\\/temp-radionica2\\\/de\\\/fruehling-in-porec\\\/#primaryimage\"},\"thumbnailUrl\":\"https:\\\/\\\/wpsetups.com\\\/temp-radionica2\\\/wp-content\\\/uploads\\\/2026\\\/05\\\/1749119615_3977.webp\",\"datePublished\":\"2025-06-05T10:33:35+00:00\",\"dateModified\":\"2026-07-03T13:55:08+00:00\",\"author\":{\"@id\":\"https:\\\/\\\/wpsetups.com\\\/temp-radionica2\\\/#\\\/schema\\\/person\\\/8d42909acf433e51a90ab46a711baba1\"},\"breadcrumb\":{\"@id\":\"https:\\\/\\\/wpsetups.com\\\/temp-radionica2\\\/de\\\/fruehling-in-porec\\\/#breadcrumb\"},\"inLanguage\":\"de\",\"potentialAction\":[{\"@type\":\"ReadAction\",\"target\":[\"https:\\\/\\\/wpsetups.com\\\/temp-radionica2\\\/de\\\/fruehling-in-porec\\\/\"]}]},{\"@type\":\"ImageObject\",\"inLanguage\":\"de\",\"@id\":\"https:\\\/\\\/wpsetups.com\\\/temp-radionica2\\\/de\\\/fruehling-in-porec\\\/#primaryimage\",\"url\":\"https:\\\/\\\/wpsetups.com\\\/temp-radionica2\\\/wp-content\\\/uploads\\\/2026\\\/05\\\/1749119615_3977.webp\",\"contentUrl\":\"https:\\\/\\\/wpsetups.com\\\/temp-radionica2\\\/wp-content\\\/uploads\\\/2026\\\/05\\\/1749119615_3977.webp\",\"width\":1000,\"height\":625},{\"@type\":\"BreadcrumbList\",\"@id\":\"https:\\\/\\\/wpsetups.com\\\/temp-radionica2\\\/de\\\/fruehling-in-porec\\\/#breadcrumb\",\"itemListElement\":[{\"@type\":\"ListItem\",\"position\":1,\"name\":\"Home\",\"item\":\"https:\\\/\\\/wpsetups.com\\\/temp-radionica2\\\/de\\\/\"},{\"@type\":\"ListItem\",\"position\":2,\"name\":\"Fr\u00fchling in Pore\u010d\"}]},{\"@type\":\"WebSite\",\"@id\":\"https:\\\/\\\/wpsetups.com\\\/temp-radionica2\\\/#website\",\"url\":\"https:\\\/\\\/wpsetups.com\\\/temp-radionica2\\\/\",\"name\":\"Luxistria Rent\",\"description\":\"\",\"potentialAction\":[{\"@type\":\"SearchAction\",\"target\":{\"@type\":\"EntryPoint\",\"urlTemplate\":\"https:\\\/\\\/wpsetups.com\\\/temp-radionica2\\\/?s={search_term_string}\"},\"query-input\":{\"@type\":\"PropertyValueSpecification\",\"valueRequired\":true,\"valueName\":\"search_term_string\"}}],\"inLanguage\":\"de\"},{\"@type\":\"Person\",\"@id\":\"https:\\\/\\\/wpsetups.com\\\/temp-radionica2\\\/#\\\/schema\\\/person\\\/8d42909acf433e51a90ab46a711baba1\",\"name\":\"admin\",\"image\":{\"@type\":\"ImageObject\",\"inLanguage\":\"de\",\"@id\":\"https:\\\/\\\/secure.gravatar.com\\\/avatar\\\/5625f553f253f456b98a5d87cfed51fdcb711905cfabc618b79b2bda138b35ca?s=96&d=mm&r=g\",\"url\":\"https:\\\/\\\/secure.gravatar.com\\\/avatar\\\/5625f553f253f456b98a5d87cfed51fdcb711905cfabc618b79b2bda138b35ca?s=96&d=mm&r=g\",\"contentUrl\":\"https:\\\/\\\/secure.gravatar.com\\\/avatar\\\/5625f553f253f456b98a5d87cfed51fdcb711905cfabc618b79b2bda138b35ca?s=96&d=mm&r=g\",\"caption\":\"admin\"},\"sameAs\":[\"https:\\\/\\\/wpsetups.com\\\/temp-radionica2\"],\"url\":\"https:\\\/\\\/wpsetups.com\\\/temp-radionica2\\\/de\\\/author\\\/admin_7g0keo8i\\\/\"}]}<\/script>\n<!-- \/ Yoast SEO plugin. -->","yoast_head_json":{"title":"Fr\u00fchling in Pore\u010d - Luxistria Rent","robots":{"index":"noindex","follow":"follow","max-snippet":"max-snippet:-1","max-image-preview":"max-image-preview:large","max-video-preview":"max-video-preview:-1"},"og_locale":"de_DE","og_type":"article","og_title":"Fr\u00fchling in Pore\u010d - Luxistria Rent","og_description":"Fr&uuml;hling in Pore\u010d: Die besten Aktivit&auml;ten f&uuml;r NaturliebhaberEntdecken Sie die Sch&ouml;nheit von Pore\u010d im Fr&uuml;hlingW&auml;hrend der bezaubernden Fr&uuml;hlingszeit erwacht Pore\u010d &ndash; eine charmante Stadt an der Adriak&uuml;ste Kroatiens &ndash; zum Leben und bietet eine Vielzahl von Aktivit&auml;ten f&uuml;r Naturliebhaber. Bekannt f&uuml;r seine atemberaubenden Landschaften, farbenfrohen Blumen und angenehmes Wetter, ist der Fr&uuml;hling die ideale Jahreszeit, um die nat&uuml;rlichen und historischen Sch&auml;tze von Pore\u010d zu erkunden. Die einzigartige Verbindung aus &uuml;ppiger Flora, reicher Geschichte und kulturellem Erbe macht diese Stadt zu einem au&szlig;ergew&ouml;hnlichen Reiseziel.","og_url":"https:\/\/wpsetups.com\/temp-radionica2\/de\/fruehling-in-porec\/","og_site_name":"Luxistria Rent","article_published_time":"2025-06-05T10:33:35+00:00","article_modified_time":"2026-07-03T13:55:08+00:00","og_image":[{"width":1000,"height":625,"url":"https:\/\/wpsetups.com\/temp-radionica2\/wp-content\/uploads\/2026\/05\/1749119615_3977.webp","type":"image\/webp"}],"author":"admin","twitter_card":"summary_large_image","twitter_misc":{"Verfasst von":"admin","Gesch\u00e4tzte Lesezeit":"2\u00a0Minuten"},"schema":{"@context":"https:\/\/schema.org","@graph":[{"@type":"Article","@id":"https:\/\/wpsetups.com\/temp-radionica2\/de\/fruehling-in-porec\/#article","isPartOf":{"@id":"https:\/\/wpsetups.com\/temp-radionica2\/de\/fruehling-in-porec\/"},"author":{"name":"admin","@id":"https:\/\/wpsetups.com\/temp-radionica2\/#\/schema\/person\/8d42909acf433e51a90ab46a711baba1"},"headline":"Fr\u00fchling in Pore\u010d","datePublished":"2025-06-05T10:33:35+00:00","dateModified":"2026-07-03T13:55:08+00:00","mainEntityOfPage":{"@id":"https:\/\/wpsetups.com\/temp-radionica2\/de\/fruehling-in-porec\/"},"wordCount":427,"commentCount":0,"image":{"@id":"https:\/\/wpsetups.com\/temp-radionica2\/de\/fruehling-in-porec\/#primaryimage"},"thumbnailUrl":"https:\/\/wpsetups.com\/temp-radionica2\/wp-content\/uploads\/2026\/05\/1749119615_3977.webp","articleSection":["Nachricht"],"inLanguage":"de","potentialAction":[{"@type":"CommentAction","name":"Comment","target":["https:\/\/wpsetups.com\/temp-radionica2\/de\/fruehling-in-porec\/#respond"]}]},{"@type":"WebPage","@id":"https:\/\/wpsetups.com\/temp-radionica2\/de\/fruehling-in-porec\/","url":"https:\/\/wpsetups.com\/temp-radionica2\/de\/fruehling-in-porec\/","name":"Fr\u00fchling in Pore\u010d - Luxistria Rent","isPartOf":{"@id":"https:\/\/wpsetups.com\/temp-radionica2\/#website"},"primaryImageOfPage":{"@id":"https:\/\/wpsetups.com\/temp-radionica2\/de\/fruehling-in-porec\/#primaryimage"},"image":{"@id":"https:\/\/wpsetups.com\/temp-radionica2\/de\/fruehling-in-porec\/#primaryimage"},"thumbnailUrl":"https:\/\/wpsetups.com\/temp-radionica2\/wp-content\/uploads\/2026\/05\/1749119615_3977.webp","datePublished":"2025-06-05T10:33:35+00:00","dateModified":"2026-07-03T13:55:08+00:00","author":{"@id":"https:\/\/wpsetups.com\/temp-radionica2\/#\/schema\/person\/8d42909acf433e51a90ab46a711baba1"},"breadcrumb":{"@id":"https:\/\/wpsetups.com\/temp-radionica2\/de\/fruehling-in-porec\/#breadcrumb"},"inLanguage":"de","potentialAction":[{"@type":"ReadAction","target":["https:\/\/wpsetups.com\/temp-radionica2\/de\/fruehling-in-porec\/"]}]},{"@type":"ImageObject","inLanguage":"de","@id":"https:\/\/wpsetups.com\/temp-radionica2\/de\/fruehling-in-porec\/#primaryimage","url":"https:\/\/wpsetups.com\/temp-radionica2\/wp-content\/uploads\/2026\/05\/1749119615_3977.webp","contentUrl":"https:\/\/wpsetups.com\/temp-radionica2\/wp-content\/uploads\/2026\/05\/1749119615_3977.webp","width":1000,"height":625},{"@type":"BreadcrumbList","@id":"https:\/\/wpsetups.com\/temp-radionica2\/de\/fruehling-in-porec\/#breadcrumb","itemListElement":[{"@type":"ListItem","position":1,"name":"Home","item":"https:\/\/wpsetups.com\/temp-radionica2\/de\/"},{"@type":"ListItem","position":2,"name":"Fr\u00fchling in Pore\u010d"}]},{"@type":"WebSite","@id":"https:\/\/wpsetups.com\/temp-radionica2\/#website","url":"https:\/\/wpsetups.com\/temp-radionica2\/","name":"Luxistria Rent","description":"","potentialAction":[{"@type":"SearchAction","target":{"@type":"EntryPoint","urlTemplate":"https:\/\/wpsetups.com\/temp-radionica2\/?s={search_term_string}"},"query-input":{"@type":"PropertyValueSpecification","valueRequired":true,"valueName":"search_term_string"}}],"inLanguage":"de"},{"@type":"Person","@id":"https:\/\/wpsetups.com\/temp-radionica2\/#\/schema\/person\/8d42909acf433e51a90ab46a711baba1","name":"admin","image":{"@type":"ImageObject","inLanguage":"de","@id":"https:\/\/secure.gravatar.com\/avatar\/5625f553f253f456b98a5d87cfed51fdcb711905cfabc618b79b2bda138b35ca?s=96&d=mm&r=g","url":"https:\/\/secure.gravatar.com\/avatar\/5625f553f253f456b98a5d87cfed51fdcb711905cfabc618b79b2bda138b35ca?s=96&d=mm&r=g","contentUrl":"https:\/\/secure.gravatar.com\/avatar\/5625f553f253f456b98a5d87cfed51fdcb711905cfabc618b79b2bda138b35ca?s=96&d=mm&r=g","caption":"admin"},"sameAs":["https:\/\/wpsetups.com\/temp-radionica2"],"url":"https:\/\/wpsetups.com\/temp-radionica2\/de\/author\/admin_7g0keo8i\/"}]}},"_links":{"self":[{"href":"https:\/\/wpsetups.com\/temp-radionica2\/de\/wp-json\/wp\/v2\/posts\/1563","targetHints":{"allow":["GET"]}}],"collection":[{"href":"https:\/\/wpsetups.com\/temp-radionica2\/de\/wp-json\/wp\/v2\/posts"}],"about":[{"href":"https:\/\/wpsetups.com\/temp-radionica2\/de\/wp-json\/wp\/v2\/types\/post"}],"author":[{"embeddable":true,"href":"https:\/\/wpsetups.com\/temp-radionica2\/de\/wp-json\/wp\/v2\/users\/1"}],"replies":[{"embeddable":true,"href":"https:\/\/wpsetups.com\/temp-radionica2\/de\/wp-json\/wp\/v2\/comments?post=1563"}],"version-history":[{"count":1,"href":"https:\/\/wpsetups.com\/temp-radionica2\/de\/wp-json\/wp\/v2\/posts\/1563\/revisions"}],"predecessor-version":[{"id":1680,"href":"https:\/\/wpsetups.com\/temp-radionica2\/de\/wp-json\/wp\/v2\/posts\/1563\/revisions\/1680"}],"wp:featuredmedia":[{"embeddable":true,"href":"https:\/\/wpsetups.com\/temp-radionica2\/de\/wp-json\/wp\/v2\/media\/229"}],"wp:attachment":[{"href":"https:\/\/wpsetups.com\/temp-radionica2\/de\/wp-json\/wp\/v2\/media?parent=1563"}],"wp:term":[{"taxonomy":"category","embeddable":true,"href":"https:\/\/wpsetups.com\/temp-radionica2\/de\/wp-json\/wp\/v2\/categories?post=1563"},{"taxonomy":"post_tag","embeddable":true,"href":"https:\/\/wpsetups.com\/temp-radionica2\/de\/wp-json\/wp\/v2\/tags?post=1563"}],"curies":[{"name":"wp","href":"https:\/\/api.w.org\/{rel}","templated":true}]}}