{"id":1565,"date":"2025-10-02T08:53:01","date_gmt":"2025-10-02T08:53:01","guid":{"rendered":"https:\/\/wpsetups.com\/temp-radionica2\/strassen-von-porec\/"},"modified":"2026-07-03T13:56:08","modified_gmt":"2026-07-03T13:56:08","slug":"strassen-von-porec","status":"publish","type":"post","link":"https:\/\/wpsetups.com\/temp-radionica2\/de\/strassen-von-porec\/","title":{"rendered":"Stra\u00dfen von Pore\u010d"},"content":{"rendered":"\n<p data-start=\"77\" data-end=\"783\"><strong data-start=\"77\" data-end=\"130\">Das r&ouml;mische Stra&szlig;ennetz: Vom Decumanus zum Cardo<\/strong><br data-start=\"130\" data-end=\"133\" \/> Unter den gl&auml;nzend polierten Pflastersteinen verbirgt sich ein r&ouml;mischer Stadtplan. Der Haupt-Decumanus verl&auml;uft von Ost nach West, gekreuzt vom Cardo Maximus von Nord nach S&uuml;d, und gemeinsam organisieren sie die Stra&szlig;en in ein ordentliches Gitter. Folgt man diesen Achsen, passiert man gotische Fenster, venezianische Palazzi, kleine Kapellen und alte Brunnen. Das Stra&szlig;ennetz macht die Orientierung leicht: man kann in intime Sackgassen abbiegen, um Geheimnisse zu entdecken, und dann wieder auf die Hauptachsen zur&uuml;ckkehren, wo das Leben pulsiert. Diese Mischung aus antiker Ordnung und gelebter Spontaneit&auml;t bildet das R&uuml;ckgrat des Stadtbildes.<\/p>\n<p data-start=\"785\" data-end=\"1038\">Verpassen Sie nicht den<strong> <a href=\"https:\/\/www.myporec.com\/de\/porec-entdecken\/durch-die-zeit\/42\">Marafor<\/a><\/strong>, das ehemalige r&ouml;mische Forum, wo Tempelreste noch heute den Platz markieren.<br data-start=\"898\" data-end=\"901\" \/> Beobachten Sie, wie das Abendlicht die Stra&szlig;ensteine in Spiegel verwandelt, in denen Laternen und pastellfarbene Fassaden reflektieren.<\/p>\n<hr data-start=\"1040\" data-end=\"1043\" \/>\n<p data-start=\"1045\" data-end=\"1817\"><strong data-start=\"1045\" data-end=\"1086\">Euphrasius-Basilika und UNESCO-Status<\/strong><br data-start=\"1086\" data-end=\"1089\" \/> Nur wenige Schritte vom Cardo entfernt erhebt sich die <strong><a href=\"https:\/\/www.myporec.com\/de\/porec-entdecken\/euphrasiana\/25\">Euphrasius-Basilika<\/a><\/strong>, ein Komplex aus dem 6. Jahrhundert, der in die Liste des UNESCO-Welterbes eingetragen ist. Ihre goldgrundigen Mosaike gl&auml;nzen wie ein Sonnenaufgang, w&auml;hrend Atrium, Baptisterium und Bischofspalast die Schichten der Sp&auml;tantike und byzantinischen Kunst offenbaren. Stra&szlig;enblicke rahmen den Glockenturm zwischen den Dachlinien ein; biegt man um eine Ecke, f&uuml;llt die Basilika pl&ouml;tzlich das gesamte Blickfeld. Neben Gottesdienst und Architektur ist dieses UNESCO-Denkmal auch Teil des Alltagslebens: Schulkinder nehmen die Abk&uuml;rzung &uuml;ber den Hof, Paare ruhen sich auf steinernen B&auml;nken aus, und manchmal schweben Orgelkl&auml;nge durch die angrenzenden Gassen.<\/p>\n<hr data-start=\"1819\" data-end=\"1822\" \/>\n<p data-start=\"1824\" data-end=\"2565\"><strong data-start=\"1824\" data-end=\"1875\">Romanische H&auml;user und die ber&uuml;hmten Holzbalkone<\/strong><br data-start=\"1875\" data-end=\"1878\" \/> Blicken Sie entlang des Decumanus und seiner Seitenstra&szlig;en nach oben, und Sie entdecken mittelalterliche Wohnarchitektur. Ein besonderes Highlight ist ein <strong><a href=\"https:\/\/www.istra.hr\/de\/home\/1188-ch-0\">romanisches Haus<\/a><\/strong>, dessen Obergeschoss leicht &uuml;ber die Stra&szlig;e hinausragt, gest&uuml;tzt von Konsolen und gekr&ouml;nt von Holzbalkonen. Diese Holzelemente erf&uuml;llten einst praktische Funktionen &ndash; Schatten, Bel&uuml;ftung, zus&auml;tzlicher Wohnraum &ndash; und verleihen heute der Skyline eine theatralische Textur. Mehrere romanische H&auml;user bewahren geschnitzte T&uuml;rst&uuml;rze und Bogenportale; ihre grob behauenen Steinbl&ouml;cke bilden einen sch&ouml;nen Kontrast zur sp&auml;teren Renaissance-Gl&auml;tte. Unter einem Holzbalkon kann man fast das Knarren der Jahrhunderte h&ouml;ren.<\/p>\n<hr data-start=\"2567\" data-end=\"2570\" \/>\n<p data-start=\"2572\" data-end=\"3234\"><strong data-start=\"2572\" data-end=\"2613\">Pl&auml;tze, Meeresbrisen und Stra&szlig;enleben<\/strong><br data-start=\"2613\" data-end=\"2616\" \/> Das gesellige Herz von Pore\u010d schl&auml;gt auf seinen Piazzas und entlang der Riva. Am Morgen ert&ouml;nen Marktgeschw&auml;tz, klirrende Espressotassen und sanfte Schritte auf Steinplatten; am Nachmittag tauschen die Gassen Schatten gegen die Meeresbrise, w&auml;hrend L&auml;den schlie&szlig;en und H&auml;ndler Passanten gr&uuml;&szlig;en. Das Stra&szlig;enleben ist hier gem&auml;chlich statt hastig &ndash; Kinder jagen Tauben &uuml;ber sonnige Steine, Radfahrer gleiten lautlos, Stra&szlig;enmusiker geben den Rhythmus vor. Spazieren Sie zum Wellenbrecher, um Boote in den Hafen einlaufen zu sehen, und kehren Sie dann zu den inneren Pl&auml;tzen zur&uuml;ck, wo Feigenb&auml;ume die Luft parf&uuml;mieren.<\/p>\n<hr data-start=\"3236\" data-end=\"3239\" \/>\n<p data-start=\"3241\" data-end=\"3896\"><strong data-start=\"3241\" data-end=\"3284\">Kunst, Wein und kulinarische Erlebnisse<\/strong><br data-start=\"3284\" data-end=\"3287\" \/> Galerien und Ateliers &ouml;ffnen sich zu engen Gassen, ihre Leinw&auml;nde nehmen Farben der K&uuml;ste auf &ndash; Kobaltblau, Korallenrot und Olivgr&uuml;n. Abends verwandeln sich die Gassen in ein Freiluft-Restaurant. Tr&uuml;ffelpasta, istrischer Prosciutto und fangfrischer Fisch verbinden sich mit Malvazija- und Teran-Weinen zu einzigartigen Gaumenfreuden. W&auml;hlen Sie eine steingemauerte Konoba f&uuml;r ein unvergleichliches Erlebnis oder nehmen Sie einen<strong><a href=\"https:\/\/bacchus-porec.eatbu.hr\/?lang=de\"> Stra&szlig;entisch<\/a><\/strong> zum Beobachten der Passanten, w&auml;hrend Zikaden die Klangkulisse liefern. Zum Dessert vielleicht fritule, mit Zucker best&auml;ubt, unter einem Balkon voller Bougainvillea.<\/p>\n<hr data-start=\"3898\" data-end=\"3901\" \/>\n<p data-start=\"3903\" data-end=\"3942\"><strong data-start=\"3903\" data-end=\"3940\">Beste Zeiten und praktische Tipps<\/strong><\/p>\n<ul data-start=\"3943\" data-end=\"4479\">\n<li data-start=\"3943\" data-end=\"4083\">\n<p data-start=\"3945\" data-end=\"4083\"><strong data-start=\"3945\" data-end=\"3963\">Fr&uuml;h und sp&auml;t:<\/strong> Spazieren Sie w&auml;hrend der goldenen Stunde, um weicheres Licht, k&uuml;hlere Temperaturen und weniger Menschen zu genie&szlig;en.<\/p>\n<\/li>\n<li data-start=\"4084\" data-end=\"4177\">\n<p data-start=\"4086\" data-end=\"4177\"><strong data-start=\"4086\" data-end=\"4097\">Schuhe:<\/strong> Glatter Kalkstein kann rutschig sein; gutes Schuhwerk mit Profil ist wichtig.<\/p>\n<\/li>\n<li data-start=\"4178\" data-end=\"4330\">\n<p data-start=\"4180\" data-end=\"4330\"><strong data-start=\"4180\" data-end=\"4197\">Orientierung:<\/strong> Nutzen Sie den Decumanus als Ost&ndash;West-Achse und tauchen Sie in Seitenstra&szlig;en ein, um Neues zu entdecken &ndash; der R&uuml;ckweg ist einfach.<\/p>\n<\/li>\n<li data-start=\"4331\" data-end=\"4479\">\n<p data-start=\"4333\" data-end=\"4479\"><strong data-start=\"4333\" data-end=\"4348\">Fotografie:<\/strong> Nach leichtem Regen spiegeln sich Lichter im Stein; oder rahmen Sie den Basilikaturm zwischen konvergierenden D&auml;chern f&uuml;r Tiefe.<\/p>\n<\/li>\n<\/ul>\n<hr data-start=\"4481\" data-end=\"4484\" \/>\n<p data-start=\"4486\" data-end=\"5000\"><strong data-start=\"4486\" data-end=\"4543\">Familienfreundliche Spazierg&auml;nge und Barrierefreiheit<\/strong><br data-start=\"4543\" data-end=\"4546\" \/> Die Lage auf der Halbinsel h&auml;lt die Distanzen kurz &ndash; ideal f&uuml;r Familien und entspannte Reisende. Kinderwagen bewegen sich am besten auf den breiteren Stra&szlig;en, mit gelegentlichen Umwegen um Stufen. Viele Caf&eacute;s bieten Hochst&uuml;hle, und schattige Pl&auml;tze laden zu Pausen ein. F&uuml;r Besucher mit eingeschr&auml;nkter Mobilit&auml;t eignen sich die flacheren Abschnitte des Decumanus und der Uferpromenade, wo abgesenkte Bordsteine und sanfte Gef&auml;lle die Wege erleichtern.<\/p>\n<hr data-start=\"5002\" data-end=\"5005\" \/>\n<p data-start=\"5007\" data-end=\"5588\"><strong data-start=\"5007\" data-end=\"5040\">Unterk&uuml;nfte nahe der Altstadt<\/strong><br data-start=\"5040\" data-end=\"5043\" \/> W&auml;hlen Sie ein<em><span style=\"text-decoration: underline;\"><a href=\"\/de\/villas\/porec\/ferienwohnung-rivetta\"> G&auml;stehaus<\/a><strong>&nbsp;i<\/strong><\/span><\/em>nnerhalb der Altstadt, um mit Glockenklang aufzuwachen und die Gassen zu betreten, bevor die Tagesbesucher eintreffen. Boutique-Hotels sind oft in restaurierten Stadth&auml;usern mit Steinb&ouml;gen untergebracht, w&auml;hrend Apartments &uuml;ber Gesch&auml;ften ein authentisches Wohngef&uuml;hl bieten. Wer ruhigere N&auml;chte bevorzugt, sollte Unterk&uuml;nfte knapp au&szlig;erhalb der Halbinsel w&auml;hlen und bei Sonnenaufgang oder Sonnenuntergang hineinspazieren &ndash; dann leuchtet der Charakter von Pore\u010d am hellsten und die Stra&szlig;en geh&ouml;ren den Spazierg&auml;ngern.<\/p>\n","protected":false},"excerpt":{"rendered":"<p><strong data-start=\"48\" data-end=\"69\">Stra&szlig;en von Pore\u010d<\/strong><br data-start=\"69\" data-end=\"72\" \/> <strong data-start=\"72\" data-end=\"120\">Warum Pore\u010ds Gassen Spazierg&auml;nger verzaubern<\/strong><br data-start=\"120\" data-end=\"123\" \/> Kopfsteinpflasterte Gassen, salzige Meeresbrisen und Kalksteinfassaden pr&auml;gen das Fu&szlig;g&auml;ngerlabyrinth von Pore\u010d. Die Altstadt liegt auf einer schmalen Halbinsel, wo die Adria an mittelalterliche Mauern schl&auml;gt und eine kompakte B&uuml;hne f&uuml;r Caf&eacute;tische, Galerien und Kunsthandwerksl&auml;den schafft. Am meisten bezaubert jedoch die malerische Kleinstadt-Atmosph&auml;re: flatternde W&auml;sche &uuml;ber den Gassen, Efeu, der an den Mauern emporw&auml;chst, und das leise Murmeln von Gespr&auml;chen aus schattigen Innenh&ouml;fen. Ob Sie von der Uferpromenade eintreten oder sich durch ruhigere Seitenstra&szlig;en schl&auml;ngeln &ndash; der Rhythmus der Stadt l&auml;dt zu gem&auml;chlichen Spazierg&auml;ngen und h&auml;ufigen Pausen ein.<\/p>\n","protected":false},"author":1,"featured_media":233,"comment_status":"open","ping_status":"closed","sticky":false,"template":"","format":"standard","meta":{"footnotes":""},"categories":[1301],"tags":[],"class_list":["post-1565","post","type-post","status-publish","format-standard","has-post-thumbnail","hentry","category-nachricht"],"yoast_head":"<!-- This site is optimized with the Yoast SEO plugin v28.2 - https:\/\/yoast.com\/product\/yoast-seo-wordpress\/ -->\n<title>Stra\u00dfen von Pore\u010d - Luxistria Rent<\/title>\n<meta name=\"robots\" content=\"noindex, follow, max-snippet:-1, max-image-preview:large, max-video-preview:-1\" \/>\n<meta property=\"og:locale\" content=\"de_DE\" \/>\n<meta property=\"og:type\" content=\"article\" \/>\n<meta property=\"og:title\" content=\"Stra\u00dfen von Pore\u010d - Luxistria Rent\" \/>\n<meta property=\"og:description\" content=\"Stra&szlig;en von Pore\u010d Warum Pore\u010ds Gassen Spazierg&auml;nger verzaubern Kopfsteinpflasterte Gassen, salzige Meeresbrisen und Kalksteinfassaden pr&auml;gen das Fu&szlig;g&auml;ngerlabyrinth von Pore\u010d. Die Altstadt liegt auf einer schmalen Halbinsel, wo die Adria an mittelalterliche Mauern schl&auml;gt und eine kompakte B&uuml;hne f&uuml;r Caf&eacute;tische, Galerien und Kunsthandwerksl&auml;den schafft. Am meisten bezaubert jedoch die malerische Kleinstadt-Atmosph&auml;re: flatternde W&auml;sche &uuml;ber den Gassen, Efeu, der an den Mauern emporw&auml;chst, und das leise Murmeln von Gespr&auml;chen aus schattigen Innenh&ouml;fen. Ob Sie von der Uferpromenade eintreten oder sich durch ruhigere Seitenstra&szlig;en schl&auml;ngeln &ndash; der Rhythmus der Stadt l&auml;dt zu gem&auml;chlichen Spazierg&auml;ngen und h&auml;ufigen Pausen ein.\" \/>\n<meta property=\"og:url\" content=\"https:\/\/wpsetups.com\/temp-radionica2\/de\/strassen-von-porec\/\" \/>\n<meta property=\"og:site_name\" content=\"Luxistria Rent\" \/>\n<meta property=\"article:published_time\" content=\"2025-10-02T08:53:01+00:00\" \/>\n<meta property=\"article:modified_time\" content=\"2026-07-03T13:56:08+00:00\" \/>\n<meta property=\"og:image\" content=\"https:\/\/wpsetups.com\/temp-radionica2\/wp-content\/uploads\/2026\/05\/1759395181_7723.webp\" \/>\n\t<meta property=\"og:image:width\" content=\"1000\" \/>\n\t<meta property=\"og:image:height\" content=\"750\" \/>\n\t<meta property=\"og:image:type\" content=\"image\/webp\" \/>\n<meta name=\"author\" content=\"admin\" \/>\n<meta name=\"twitter:card\" content=\"summary_large_image\" \/>\n<meta name=\"twitter:label1\" content=\"Verfasst von\" \/>\n\t<meta name=\"twitter:data1\" content=\"admin\" \/>\n\t<meta name=\"twitter:label2\" content=\"Gesch\u00e4tzte Lesezeit\" \/>\n\t<meta name=\"twitter:data2\" content=\"1\u00a0Minute\" \/>\n<script type=\"application\/ld+json\" class=\"yoast-schema-graph\">{\"@context\":\"https:\\\/\\\/schema.org\",\"@graph\":[{\"@type\":\"Article\",\"@id\":\"https:\\\/\\\/wpsetups.com\\\/temp-radionica2\\\/de\\\/strassen-von-porec\\\/#article\",\"isPartOf\":{\"@id\":\"https:\\\/\\\/wpsetups.com\\\/temp-radionica2\\\/de\\\/strassen-von-porec\\\/\"},\"author\":{\"name\":\"admin\",\"@id\":\"https:\\\/\\\/wpsetups.com\\\/temp-radionica2\\\/#\\\/schema\\\/person\\\/8d42909acf433e51a90ab46a711baba1\"},\"headline\":\"Stra\u00dfen von Pore\u010d\",\"datePublished\":\"2025-10-02T08:53:01+00:00\",\"dateModified\":\"2026-07-03T13:56:08+00:00\",\"mainEntityOfPage\":{\"@id\":\"https:\\\/\\\/wpsetups.com\\\/temp-radionica2\\\/de\\\/strassen-von-porec\\\/\"},\"wordCount\":929,\"commentCount\":0,\"image\":{\"@id\":\"https:\\\/\\\/wpsetups.com\\\/temp-radionica2\\\/de\\\/strassen-von-porec\\\/#primaryimage\"},\"thumbnailUrl\":\"https:\\\/\\\/wpsetups.com\\\/temp-radionica2\\\/wp-content\\\/uploads\\\/2026\\\/05\\\/1759395181_7723.webp\",\"articleSection\":[\"Nachricht\"],\"inLanguage\":\"de\",\"potentialAction\":[{\"@type\":\"CommentAction\",\"name\":\"Comment\",\"target\":[\"https:\\\/\\\/wpsetups.com\\\/temp-radionica2\\\/de\\\/strassen-von-porec\\\/#respond\"]}]},{\"@type\":\"WebPage\",\"@id\":\"https:\\\/\\\/wpsetups.com\\\/temp-radionica2\\\/de\\\/strassen-von-porec\\\/\",\"url\":\"https:\\\/\\\/wpsetups.com\\\/temp-radionica2\\\/de\\\/strassen-von-porec\\\/\",\"name\":\"Stra\u00dfen von Pore\u010d - Luxistria Rent\",\"isPartOf\":{\"@id\":\"https:\\\/\\\/wpsetups.com\\\/temp-radionica2\\\/#website\"},\"primaryImageOfPage\":{\"@id\":\"https:\\\/\\\/wpsetups.com\\\/temp-radionica2\\\/de\\\/strassen-von-porec\\\/#primaryimage\"},\"image\":{\"@id\":\"https:\\\/\\\/wpsetups.com\\\/temp-radionica2\\\/de\\\/strassen-von-porec\\\/#primaryimage\"},\"thumbnailUrl\":\"https:\\\/\\\/wpsetups.com\\\/temp-radionica2\\\/wp-content\\\/uploads\\\/2026\\\/05\\\/1759395181_7723.webp\",\"datePublished\":\"2025-10-02T08:53:01+00:00\",\"dateModified\":\"2026-07-03T13:56:08+00:00\",\"author\":{\"@id\":\"https:\\\/\\\/wpsetups.com\\\/temp-radionica2\\\/#\\\/schema\\\/person\\\/8d42909acf433e51a90ab46a711baba1\"},\"breadcrumb\":{\"@id\":\"https:\\\/\\\/wpsetups.com\\\/temp-radionica2\\\/de\\\/strassen-von-porec\\\/#breadcrumb\"},\"inLanguage\":\"de\",\"potentialAction\":[{\"@type\":\"ReadAction\",\"target\":[\"https:\\\/\\\/wpsetups.com\\\/temp-radionica2\\\/de\\\/strassen-von-porec\\\/\"]}]},{\"@type\":\"ImageObject\",\"inLanguage\":\"de\",\"@id\":\"https:\\\/\\\/wpsetups.com\\\/temp-radionica2\\\/de\\\/strassen-von-porec\\\/#primaryimage\",\"url\":\"https:\\\/\\\/wpsetups.com\\\/temp-radionica2\\\/wp-content\\\/uploads\\\/2026\\\/05\\\/1759395181_7723.webp\",\"contentUrl\":\"https:\\\/\\\/wpsetups.com\\\/temp-radionica2\\\/wp-content\\\/uploads\\\/2026\\\/05\\\/1759395181_7723.webp\",\"width\":1000,\"height\":750},{\"@type\":\"BreadcrumbList\",\"@id\":\"https:\\\/\\\/wpsetups.com\\\/temp-radionica2\\\/de\\\/strassen-von-porec\\\/#breadcrumb\",\"itemListElement\":[{\"@type\":\"ListItem\",\"position\":1,\"name\":\"Home\",\"item\":\"https:\\\/\\\/wpsetups.com\\\/temp-radionica2\\\/de\\\/\"},{\"@type\":\"ListItem\",\"position\":2,\"name\":\"Stra\u00dfen von Pore\u010d\"}]},{\"@type\":\"WebSite\",\"@id\":\"https:\\\/\\\/wpsetups.com\\\/temp-radionica2\\\/#website\",\"url\":\"https:\\\/\\\/wpsetups.com\\\/temp-radionica2\\\/\",\"name\":\"Luxistria Rent\",\"description\":\"\",\"potentialAction\":[{\"@type\":\"SearchAction\",\"target\":{\"@type\":\"EntryPoint\",\"urlTemplate\":\"https:\\\/\\\/wpsetups.com\\\/temp-radionica2\\\/?s={search_term_string}\"},\"query-input\":{\"@type\":\"PropertyValueSpecification\",\"valueRequired\":true,\"valueName\":\"search_term_string\"}}],\"inLanguage\":\"de\"},{\"@type\":\"Person\",\"@id\":\"https:\\\/\\\/wpsetups.com\\\/temp-radionica2\\\/#\\\/schema\\\/person\\\/8d42909acf433e51a90ab46a711baba1\",\"name\":\"admin\",\"image\":{\"@type\":\"ImageObject\",\"inLanguage\":\"de\",\"@id\":\"https:\\\/\\\/secure.gravatar.com\\\/avatar\\\/5625f553f253f456b98a5d87cfed51fdcb711905cfabc618b79b2bda138b35ca?s=96&d=mm&r=g\",\"url\":\"https:\\\/\\\/secure.gravatar.com\\\/avatar\\\/5625f553f253f456b98a5d87cfed51fdcb711905cfabc618b79b2bda138b35ca?s=96&d=mm&r=g\",\"contentUrl\":\"https:\\\/\\\/secure.gravatar.com\\\/avatar\\\/5625f553f253f456b98a5d87cfed51fdcb711905cfabc618b79b2bda138b35ca?s=96&d=mm&r=g\",\"caption\":\"admin\"},\"sameAs\":[\"https:\\\/\\\/wpsetups.com\\\/temp-radionica2\"],\"url\":\"https:\\\/\\\/wpsetups.com\\\/temp-radionica2\\\/de\\\/author\\\/admin_7g0keo8i\\\/\"}]}<\/script>\n<!-- \/ Yoast SEO plugin. -->","yoast_head_json":{"title":"Stra\u00dfen von Pore\u010d - Luxistria Rent","robots":{"index":"noindex","follow":"follow","max-snippet":"max-snippet:-1","max-image-preview":"max-image-preview:large","max-video-preview":"max-video-preview:-1"},"og_locale":"de_DE","og_type":"article","og_title":"Stra\u00dfen von Pore\u010d - Luxistria Rent","og_description":"Stra&szlig;en von Pore\u010d Warum Pore\u010ds Gassen Spazierg&auml;nger verzaubern Kopfsteinpflasterte Gassen, salzige Meeresbrisen und Kalksteinfassaden pr&auml;gen das Fu&szlig;g&auml;ngerlabyrinth von Pore\u010d. Die Altstadt liegt auf einer schmalen Halbinsel, wo die Adria an mittelalterliche Mauern schl&auml;gt und eine kompakte B&uuml;hne f&uuml;r Caf&eacute;tische, Galerien und Kunsthandwerksl&auml;den schafft. Am meisten bezaubert jedoch die malerische Kleinstadt-Atmosph&auml;re: flatternde W&auml;sche &uuml;ber den Gassen, Efeu, der an den Mauern emporw&auml;chst, und das leise Murmeln von Gespr&auml;chen aus schattigen Innenh&ouml;fen. Ob Sie von der Uferpromenade eintreten oder sich durch ruhigere Seitenstra&szlig;en schl&auml;ngeln &ndash; der Rhythmus der Stadt l&auml;dt zu gem&auml;chlichen Spazierg&auml;ngen und h&auml;ufigen Pausen ein.","og_url":"https:\/\/wpsetups.com\/temp-radionica2\/de\/strassen-von-porec\/","og_site_name":"Luxistria Rent","article_published_time":"2025-10-02T08:53:01+00:00","article_modified_time":"2026-07-03T13:56:08+00:00","og_image":[{"width":1000,"height":750,"url":"https:\/\/wpsetups.com\/temp-radionica2\/wp-content\/uploads\/2026\/05\/1759395181_7723.webp","type":"image\/webp"}],"author":"admin","twitter_card":"summary_large_image","twitter_misc":{"Verfasst von":"admin","Gesch\u00e4tzte Lesezeit":"1\u00a0Minute"},"schema":{"@context":"https:\/\/schema.org","@graph":[{"@type":"Article","@id":"https:\/\/wpsetups.com\/temp-radionica2\/de\/strassen-von-porec\/#article","isPartOf":{"@id":"https:\/\/wpsetups.com\/temp-radionica2\/de\/strassen-von-porec\/"},"author":{"name":"admin","@id":"https:\/\/wpsetups.com\/temp-radionica2\/#\/schema\/person\/8d42909acf433e51a90ab46a711baba1"},"headline":"Stra\u00dfen von Pore\u010d","datePublished":"2025-10-02T08:53:01+00:00","dateModified":"2026-07-03T13:56:08+00:00","mainEntityOfPage":{"@id":"https:\/\/wpsetups.com\/temp-radionica2\/de\/strassen-von-porec\/"},"wordCount":929,"commentCount":0,"image":{"@id":"https:\/\/wpsetups.com\/temp-radionica2\/de\/strassen-von-porec\/#primaryimage"},"thumbnailUrl":"https:\/\/wpsetups.com\/temp-radionica2\/wp-content\/uploads\/2026\/05\/1759395181_7723.webp","articleSection":["Nachricht"],"inLanguage":"de","potentialAction":[{"@type":"CommentAction","name":"Comment","target":["https:\/\/wpsetups.com\/temp-radionica2\/de\/strassen-von-porec\/#respond"]}]},{"@type":"WebPage","@id":"https:\/\/wpsetups.com\/temp-radionica2\/de\/strassen-von-porec\/","url":"https:\/\/wpsetups.com\/temp-radionica2\/de\/strassen-von-porec\/","name":"Stra\u00dfen von Pore\u010d - Luxistria Rent","isPartOf":{"@id":"https:\/\/wpsetups.com\/temp-radionica2\/#website"},"primaryImageOfPage":{"@id":"https:\/\/wpsetups.com\/temp-radionica2\/de\/strassen-von-porec\/#primaryimage"},"image":{"@id":"https:\/\/wpsetups.com\/temp-radionica2\/de\/strassen-von-porec\/#primaryimage"},"thumbnailUrl":"https:\/\/wpsetups.com\/temp-radionica2\/wp-content\/uploads\/2026\/05\/1759395181_7723.webp","datePublished":"2025-10-02T08:53:01+00:00","dateModified":"2026-07-03T13:56:08+00:00","author":{"@id":"https:\/\/wpsetups.com\/temp-radionica2\/#\/schema\/person\/8d42909acf433e51a90ab46a711baba1"},"breadcrumb":{"@id":"https:\/\/wpsetups.com\/temp-radionica2\/de\/strassen-von-porec\/#breadcrumb"},"inLanguage":"de","potentialAction":[{"@type":"ReadAction","target":["https:\/\/wpsetups.com\/temp-radionica2\/de\/strassen-von-porec\/"]}]},{"@type":"ImageObject","inLanguage":"de","@id":"https:\/\/wpsetups.com\/temp-radionica2\/de\/strassen-von-porec\/#primaryimage","url":"https:\/\/wpsetups.com\/temp-radionica2\/wp-content\/uploads\/2026\/05\/1759395181_7723.webp","contentUrl":"https:\/\/wpsetups.com\/temp-radionica2\/wp-content\/uploads\/2026\/05\/1759395181_7723.webp","width":1000,"height":750},{"@type":"BreadcrumbList","@id":"https:\/\/wpsetups.com\/temp-radionica2\/de\/strassen-von-porec\/#breadcrumb","itemListElement":[{"@type":"ListItem","position":1,"name":"Home","item":"https:\/\/wpsetups.com\/temp-radionica2\/de\/"},{"@type":"ListItem","position":2,"name":"Stra\u00dfen von Pore\u010d"}]},{"@type":"WebSite","@id":"https:\/\/wpsetups.com\/temp-radionica2\/#website","url":"https:\/\/wpsetups.com\/temp-radionica2\/","name":"Luxistria Rent","description":"","potentialAction":[{"@type":"SearchAction","target":{"@type":"EntryPoint","urlTemplate":"https:\/\/wpsetups.com\/temp-radionica2\/?s={search_term_string}"},"query-input":{"@type":"PropertyValueSpecification","valueRequired":true,"valueName":"search_term_string"}}],"inLanguage":"de"},{"@type":"Person","@id":"https:\/\/wpsetups.com\/temp-radionica2\/#\/schema\/person\/8d42909acf433e51a90ab46a711baba1","name":"admin","image":{"@type":"ImageObject","inLanguage":"de","@id":"https:\/\/secure.gravatar.com\/avatar\/5625f553f253f456b98a5d87cfed51fdcb711905cfabc618b79b2bda138b35ca?s=96&d=mm&r=g","url":"https:\/\/secure.gravatar.com\/avatar\/5625f553f253f456b98a5d87cfed51fdcb711905cfabc618b79b2bda138b35ca?s=96&d=mm&r=g","contentUrl":"https:\/\/secure.gravatar.com\/avatar\/5625f553f253f456b98a5d87cfed51fdcb711905cfabc618b79b2bda138b35ca?s=96&d=mm&r=g","caption":"admin"},"sameAs":["https:\/\/wpsetups.com\/temp-radionica2"],"url":"https:\/\/wpsetups.com\/temp-radionica2\/de\/author\/admin_7g0keo8i\/"}]}},"_links":{"self":[{"href":"https:\/\/wpsetups.com\/temp-radionica2\/de\/wp-json\/wp\/v2\/posts\/1565","targetHints":{"allow":["GET"]}}],"collection":[{"href":"https:\/\/wpsetups.com\/temp-radionica2\/de\/wp-json\/wp\/v2\/posts"}],"about":[{"href":"https:\/\/wpsetups.com\/temp-radionica2\/de\/wp-json\/wp\/v2\/types\/post"}],"author":[{"embeddable":true,"href":"https:\/\/wpsetups.com\/temp-radionica2\/de\/wp-json\/wp\/v2\/users\/1"}],"replies":[{"embeddable":true,"href":"https:\/\/wpsetups.com\/temp-radionica2\/de\/wp-json\/wp\/v2\/comments?post=1565"}],"version-history":[{"count":1,"href":"https:\/\/wpsetups.com\/temp-radionica2\/de\/wp-json\/wp\/v2\/posts\/1565\/revisions"}],"predecessor-version":[{"id":1681,"href":"https:\/\/wpsetups.com\/temp-radionica2\/de\/wp-json\/wp\/v2\/posts\/1565\/revisions\/1681"}],"wp:featuredmedia":[{"embeddable":true,"href":"https:\/\/wpsetups.com\/temp-radionica2\/de\/wp-json\/wp\/v2\/media\/233"}],"wp:attachment":[{"href":"https:\/\/wpsetups.com\/temp-radionica2\/de\/wp-json\/wp\/v2\/media?parent=1565"}],"wp:term":[{"taxonomy":"category","embeddable":true,"href":"https:\/\/wpsetups.com\/temp-radionica2\/de\/wp-json\/wp\/v2\/categories?post=1565"},{"taxonomy":"post_tag","embeddable":true,"href":"https:\/\/wpsetups.com\/temp-radionica2\/de\/wp-json\/wp\/v2\/tags?post=1565"}],"curies":[{"name":"wp","href":"https:\/\/api.w.org\/{rel}","templated":true}]}}