{"id":1582,"date":"2025-04-02T12:32:37","date_gmt":"2025-04-02T12:32:37","guid":{"rendered":"https:\/\/wpsetups.com\/temp-radionica2\/entdecken-sie-luxurioese-apartments-in-porec-kroatien\/"},"modified":"2025-04-02T12:32:37","modified_gmt":"2025-04-02T12:32:37","slug":"entdecken-sie-luxurioese-apartments-in-porec-kroatien","status":"publish","type":"post","link":"https:\/\/wpsetups.com\/temp-radionica2\/de\/entdecken-sie-luxurioese-apartments-in-porec-kroatien\/","title":{"rendered":"Entdecken Sie luxuri\u00f6se Apartments in Pore\u010d, Kroatien"},"content":{"rendered":"\n<p class=\"\" data-start=\"0\" data-end=\"51\"><strong data-start=\"0\" data-end=\"49\">Der Reiz von Pore\u010d: Ein perfektes Urlaubsziel<\/strong><\/p>\n<p class=\"\" data-start=\"53\" data-end=\"423\">Pore\u010d, ein Juwel an der Adria, verk&ouml;rpert die Essenz eines perfekten Urlaubsortes. Mit seiner reichen Geschichte, den wundersch&ouml;nen Str&auml;nden und dem pulsierenden Nachtleben gibt es f&uuml;r jeden etwas zu entdecken. Schlendern Sie durch antike Gassen, die Geschichten r&ouml;mischer Eroberungen erz&auml;hlen, oder entspannen Sie in stilvollen Caf&eacute;s mit Blick auf das azurblaue Meer.<\/p>\n<p class=\"\" data-start=\"425\" data-end=\"727\">Ob f&uuml;r einen romantischen Kurztrip oder ein Familienabenteuer &ndash; Pore\u010d bietet eine faszinierende Mischung aus Vergangenheit und Gegenwart, die alle Besucher in ihren Bann zieht. Die luxuri&ouml;sen Apartments hier bieten zus&auml;tzlichen Komfort und Exklusivit&auml;t, w&auml;hrend Sie die bezaubernde Umgebung erkunden.<\/p>\n<hr class=\"\" data-start=\"729\" data-end=\"732\" \/>\n<p class=\"\" data-start=\"734\" data-end=\"819\"><strong data-start=\"734\" data-end=\"817\">Finden Sie die perfekte Unterkunft: Eine Auswahl luxuri&ouml;ser Apartments in Pore\u010d<\/strong><\/p>\n<p class=\"\" data-start=\"821\" data-end=\"1160\">Die Suche nach der richtigen Unterkunft in Pore\u010d ist einfach, da eine Vielzahl von Optionen f&uuml;r unterschiedliche Geschm&auml;cker und Vorlieben zur Verf&uuml;gung steht. Von modernen Hochhauswohnungen mit atemberaubendem Stadtblick bis hin zu charmanten Boutique-Geb&auml;uden in historischen Vierteln &ndash; hier findet jeder sein ideales Zuhause auf Zeit.<\/p>\n<p class=\"\" data-start=\"1162\" data-end=\"1348\">Unter den besten Apartments in Pore\u010d stechen das <a href=\"\/de\/ferienwohnungen\/porec\/ferienwohnung-rivetta\"><strong data-start=\"1211\" data-end=\"1244\">New Premium Apartment Rivetta<\/strong><\/a> und das <a href=\"\/de\/ferienwohnungen\/porec\/val-di-bora\"><strong data-start=\"1253\" data-end=\"1278\">Apartment Val di Bora<\/strong><\/a> als Top-Optionen f&uuml;r Reisende hervor, die Komfort und Luxus suchen.<\/p>\n<p class=\"\" data-start=\"1350\" data-end=\"1684\">Das <a href=\"\/de\/ferienwohnungen\/porec\/ferienwohnung-rivetta\"><strong data-start=\"1354\" data-end=\"1387\">New Premium Apartment Rivetta<\/strong><\/a> bietet einen modernen und stilvollen R&uuml;ckzugsort, ideal f&uuml;r Paare und Familien. In unmittelbarer N&auml;he zu den Hauptattraktionen der Stadt gelegen, verf&uuml;gt dieses Apartment &uuml;ber zeitgen&ouml;ssische M&ouml;bel, modernste Ausstattung und eine atemberaubende Aussicht, die eine entspannte Atmosph&auml;re schafft.<\/p>\n<p class=\"\" data-start=\"1686\" data-end=\"2366\">Ebenso ist das <a href=\"\/de\/ferienwohnungen\/porec\/val-di-bora-ii\"><strong data-start=\"1701\" data-end=\"1726\">Apartment Val di Bora<\/strong><\/a> eine ausgezeichnete Wahl mit elegantem Design und einladendem Ambiente. Es eignet sich perfekt f&uuml;r alle, die die Sch&ouml;nheit von Pore\u010d genie&szlig;en und gleichzeitig den Komfort eines Zuhauses erleben m&ouml;chten. Mit gro&szlig;z&uuml;gigen Wohnbereichen, gut ausgestatteten K&uuml;chen und gem&uuml;tlichen Schlafzimmern ist dieses Apartment ideal f&uuml;r l&auml;ngere Aufenthalte. Dank der erstklassigen Lage sind die lebhaften Stadtzentren nur einen Katzensprung entfernt, w&auml;hrend die Umgebung Ruhe und Erholung bietet. Ob f&uuml;r ein Wochenend-Getaway oder einen l&auml;ngeren Urlaub &ndash; diese exklusiven Apartments in Pore\u010d garantieren einen unvergesslichen und angenehmen Aufenthalt.<\/p>\n<article class=\"text-token-text-primary w-full\" dir=\"auto\" data-testid=\"conversation-turn-4\" data-scroll-anchor=\"true\">\n<div class=\"text-base my-auto mx-auto py-5 px-6\">\n<div class=\"mx-auto flex flex-1 text-base gap-4 md:gap-5 lg:gap-6 md:max-w-3xl lg:max-w-[40rem] xl:max-w-[48rem] group\/turn-messages focus-visible:outline-hidden\" tabindex=\"-1\">\n<div class=\"group\/conversation-turn relative flex w-full min-w-0 flex-col agent-turn @xs\/thread:px-0 @sm\/thread:px-1.5 @md\/thread:px-4\">\n<div class=\"relative flex-col gap-1 md:gap-3\">\n<div class=\"flex max-w-full flex-col grow\">\n<div class=\"min-h-8 text-message relative flex w-full flex-col items-end gap-2 text-start break-words whitespace-normal [.text-message+&amp;]:mt-5\" dir=\"auto\" data-message-author-role=\"assistant\" data-message-id=\"f4850e41-5752-4fb1-9bf1-bda22d0286a0\" data-message-model-slug=\"gpt-4o\">\n<div class=\"flex w-full flex-col gap-1 empty:hidden first:pt-[3px]\">\n<div class=\"markdown prose dark:prose-invert w-full break-words light\">\n<p class=\"\" data-start=\"2373\" data-end=\"2467\"><strong data-start=\"2373\" data-end=\"2465\">Passen Sie Ihren Aufenthalt an: Apartments in Pore\u010d f&uuml;r jedes Budget und jeden Geschmack<\/strong><\/p>\n<p class=\"\" data-start=\"2469\" data-end=\"2887\">Sind Sie auf der Suche nach erschwinglichen Apartments in der malerischen Stadt Pore\u010d? Diese atemberaubende K&uuml;stenstadt vereint historische Sehensw&uuml;rdigkeiten, idyllische Str&auml;nde und eine lebendige lokale Kultur &ndash; ein perfekter Ort f&uuml;r Kurztrips oder l&auml;ngere Aufenthalte. Unter den vielen Optionen ist das <a href=\"\/de\/villas\/porec\/feriewohnung-barbara\"><strong data-start=\"2775\" data-end=\"2796\">Apartment Barbara<\/strong><\/a> eine hervorragende Wahl f&uuml;r Reisende, die Komfort zu einem erschwinglichen Preis suchen.<\/p>\n<p class=\"\" data-start=\"2889\" data-end=\"3198\">F&uuml;r G&auml;ste mit gr&ouml;&szlig;erem Platzbedarf ist das <a href=\"\/de\/ferienwohnungen\/porec\/ferienwohnung-milohanic-iv\"><strong data-start=\"2932\" data-end=\"2972\">Three Bedroom Apartment Milohanic IV<\/strong><\/a> eine ausgezeichnete Option. Ideal f&uuml;r Familien oder Gruppen bietet es gen&uuml;gend Raum, damit jeder seinen eigenen R&uuml;ckzugsort hat, w&auml;hrend die gro&szlig;z&uuml;gigen Gemeinschaftsbereiche Gelegenheit zum geselligen Beisammensein bieten.<\/p>\n<article class=\"text-token-text-primary w-full\" dir=\"auto\" data-testid=\"conversation-turn-4\" data-scroll-anchor=\"true\">\n<div class=\"text-base my-auto mx-auto py-5 px-6\">\n<div class=\"mx-auto flex flex-1 text-base gap-4 md:gap-5 lg:gap-6 md:max-w-3xl lg:max-w-[40rem] xl:max-w-[48rem] group\/turn-messages focus-visible:outline-hidden\" tabindex=\"-1\">\n<div class=\"group\/conversation-turn relative flex w-full min-w-0 flex-col agent-turn @xs\/thread:px-0 @sm\/thread:px-1.5 @md\/thread:px-4\">\n<div class=\"relative flex-col gap-1 md:gap-3\">\n<div class=\"flex max-w-full flex-col grow\">\n<div class=\"min-h-8 text-message relative flex w-full flex-col items-end gap-2 text-start break-words whitespace-normal [.text-message+&amp;]:mt-5\" dir=\"auto\" data-message-author-role=\"assistant\" data-message-id=\"f4850e41-5752-4fb1-9bf1-bda22d0286a0\" data-message-model-slug=\"gpt-4o\">\n<div class=\"flex w-full flex-col gap-1 empty:hidden first:pt-[3px]\">\n<div class=\"markdown prose dark:prose-invert w-full break-words light\"><hr class=\"\" data-start=\"3200\" data-end=\"3203\" \/>\n<p class=\"\" data-start=\"3205\" data-end=\"3255\"><strong data-start=\"3205\" data-end=\"3253\">Ihr pers&ouml;nliches Paradies im lebhaften Pore\u010d<\/strong><\/p>\n<p class=\"\" data-start=\"3257\" data-end=\"3634\">Das Leben in einem Apartment in Pore\u010d bedeutet weit mehr als nur eine stilvolle Unterkunft. Es bedeutet, Zugang zu einer pulsierenden Umgebung voller Erlebnisse zu haben, die darauf warten, entdeckt zu werden. Von gem&uuml;tlichen Tavernen mit k&ouml;stlicher istrischer K&uuml;che bis hin zu aufregenden Wassersportarten an unber&uuml;hrten Str&auml;nden &ndash; jeder Tag h&auml;lt neue &Uuml;berraschungen bereit.<\/p>\n<p class=\"\" data-start=\"3636\" data-end=\"3911\">Lassen Sie Ihre Tage in aller Ruhe verstreichen &ndash; sei es beim Erkunden von UNESCO-Welterbest&auml;tten wie der Euphrasius-Basilika oder beim Bummeln &uuml;ber lebhafte Promenaden mit kunstvollen Handwerksst&auml;nden. Die Erinnerungen an Pore\u010d werden lange nach Ihrer Abreise nachklingen.<\/p>\n<p class=\"\" data-start=\"3913\" data-end=\"4397\">Zusammenfassend l&auml;sst sich sagen: Die Wahl eines luxuri&ouml;sen Apartments in dieser bemerkenswerten Stadt bietet nicht nur au&szlig;ergew&ouml;hnlichen Komfort und ideale Lage, sondern auch die M&ouml;glichkeit, das Leben vor Ort authentisch zu erleben &ndash; mit der Eleganz und Raffinesse, die man von erstklassigen Unterk&uuml;nften weltweit erwartet. Tauchen Sie ein in dieses istrische Paradies &ndash; Pore\u010d lockt mit einer Anziehungskraft, die ebenso faszinierend ist wie seine geschichtstr&auml;chtige Vergangenheit.<\/p>\n<\/div>\n<\/div>\n<\/div>\n<\/div>\n<div class=\"flex justify-start\">\n<div class=\"touch:-me-2 touch:-ms-3.5 -ms-2.5 -me-1 flex items-center p-1 select-none -mt-1 duration-[1.5s] focus-within:transition-none hover:transition-none pointer-events-none [mask-image:linear-gradient(to_right,black_33%,transparent_66%)] [mask-position:100%_0%] [mask-size:300%_100%] motion-safe:transition-[mask-position] group-hover\/turn-messages:pointer-events-auto group-hover\/turn-messages:[mask-position:0_0] group-focus-within\/turn-messages:pointer-events-auto group-focus-within\/turn-messages:[mask-position:0_0] has-data-[state=open]:pointer-events-auto has-data-[state=open]:[mask-position:0_0]\">\n<div class=\"flex items-center pb-0\">&nbsp;<\/div>\n<\/div>\n<\/div>\n<div class=\"mt-3 w-full empty:hidden\">&nbsp;<\/div>\n<\/div>\n<div class=\"absolute\">&nbsp;<\/div>\n<\/div>\n<\/div>\n<\/div>\n<\/article>\n<div class=\"pointer-events-none h-px w-px\" aria-hidden=\"true\" data-edge=\"true\">&nbsp;<\/div>\n<hr class=\"\" data-start=\"3200\" data-end=\"3203\" \/>\n<p class=\"\" data-start=\"3913\" data-end=\"4397\">&nbsp;<\/p>\n<\/div>\n<\/div>\n<\/div>\n<\/div>\n<div class=\"flex justify-start\">\n<div class=\"touch:-me-2 touch:-ms-3.5 -ms-2.5 -me-1 flex items-center p-1 select-none -mt-1 duration-[1.5s] focus-within:transition-none hover:transition-none pointer-events-none [mask-image:linear-gradient(to_right,black_33%,transparent_66%)] [mask-position:100%_0%] [mask-size:300%_100%] motion-safe:transition-[mask-position] group-hover\/turn-messages:pointer-events-auto group-hover\/turn-messages:[mask-position:0_0] group-focus-within\/turn-messages:pointer-events-auto group-focus-within\/turn-messages:[mask-position:0_0] has-data-[state=open]:pointer-events-auto has-data-[state=open]:[mask-position:0_0]\"><button class=\"text-token-text-secondary hover:bg-token-main-surface-secondary rounded-lg\" aria-label=\"Lo&scaron; odgovor\" data-testid=\"bad-response-turn-action-button\"><\/button><button class=\"text-token-text-secondary hover:bg-token-main-surface-secondary rounded-lg\" aria-label=\"Pro\u010ditaj naglas\" data-testid=\"voice-play-turn-action-button\"><br \/><\/button><\/div>\n<\/div>\n<div class=\"mt-3 w-full empty:hidden\">&nbsp;<\/div>\n<\/div>\n<div class=\"absolute\">&nbsp;<\/div>\n<\/div>\n<\/div>\n<\/div>\n<\/article>\n<div class=\"pointer-events-none h-px w-px\" aria-hidden=\"true\" data-edge=\"true\">&nbsp;<\/div>\n","protected":false},"excerpt":{"rendered":"<p>Willkommen in der charmanten K&uuml;stenstadt Pore\u010d, wo Geschichte auf modernen Luxus trifft. Eingebettet auf der bezaubernden Halbinsel Istrien bietet Pore\u010d eine faszinierende Mischung aus malerischen Landschaften und lebendiger Kultur. Hier finden Sie au&szlig;ergew&ouml;hnliche Luxusapartments, die einen unvergesslichen Aufenthalt in diesem kroatischen Paradies versprechen.<\/p>\n","protected":false},"author":1,"featured_media":270,"comment_status":"open","ping_status":"closed","sticky":false,"template":"","format":"standard","meta":{"footnotes":""},"categories":[1301],"tags":[],"class_list":["post-1582","post","type-post","status-publish","format-standard","has-post-thumbnail","hentry","category-nachricht"],"yoast_head":"<!-- This site is optimized with the Yoast SEO plugin v28.2 - https:\/\/yoast.com\/product\/yoast-seo-wordpress\/ -->\n<title>Entdecken Sie luxuri\u00f6se Apartments in Pore\u010d, Kroatien - Luxistria Rent<\/title>\n<meta name=\"robots\" content=\"noindex, follow, max-snippet:-1, max-image-preview:large, max-video-preview:-1\" \/>\n<meta property=\"og:locale\" content=\"de_DE\" \/>\n<meta property=\"og:type\" content=\"article\" \/>\n<meta property=\"og:title\" content=\"Entdecken Sie luxuri\u00f6se Apartments in Pore\u010d, Kroatien - Luxistria Rent\" \/>\n<meta property=\"og:description\" content=\"Willkommen in der charmanten K&uuml;stenstadt Pore\u010d, wo Geschichte auf modernen Luxus trifft. Eingebettet auf der bezaubernden Halbinsel Istrien bietet Pore\u010d eine faszinierende Mischung aus malerischen Landschaften und lebendiger Kultur. Hier finden Sie au&szlig;ergew&ouml;hnliche Luxusapartments, die einen unvergesslichen Aufenthalt in diesem kroatischen Paradies versprechen.\" \/>\n<meta property=\"og:url\" content=\"https:\/\/wpsetups.com\/temp-radionica2\/de\/entdecken-sie-luxurioese-apartments-in-porec-kroatien\/\" \/>\n<meta property=\"og:site_name\" content=\"Luxistria Rent\" \/>\n<meta property=\"article:published_time\" content=\"2025-04-02T12:32:37+00:00\" \/>\n<meta property=\"og:image\" content=\"https:\/\/wpsetups.com\/temp-radionica2\/wp-content\/uploads\/2026\/05\/apartment_rivetta_luxistria_16.webp\" \/>\n\t<meta property=\"og:image:width\" content=\"1000\" \/>\n\t<meta property=\"og:image:height\" content=\"668\" \/>\n\t<meta property=\"og:image:type\" content=\"image\/webp\" \/>\n<meta name=\"author\" content=\"admin\" \/>\n<meta name=\"twitter:card\" content=\"summary_large_image\" \/>\n<meta name=\"twitter:label1\" content=\"Verfasst von\" \/>\n\t<meta name=\"twitter:data1\" content=\"admin\" \/>\n\t<meta name=\"twitter:label2\" content=\"Gesch\u00e4tzte Lesezeit\" \/>\n\t<meta name=\"twitter:data2\" content=\"4\u00a0Minuten\" \/>\n<script type=\"application\/ld+json\" class=\"yoast-schema-graph\">{\"@context\":\"https:\\\/\\\/schema.org\",\"@graph\":[{\"@type\":\"Article\",\"@id\":\"https:\\\/\\\/wpsetups.com\\\/temp-radionica2\\\/de\\\/entdecken-sie-luxurioese-apartments-in-porec-kroatien\\\/#article\",\"isPartOf\":{\"@id\":\"https:\\\/\\\/wpsetups.com\\\/temp-radionica2\\\/de\\\/entdecken-sie-luxurioese-apartments-in-porec-kroatien\\\/\"},\"author\":{\"name\":\"admin\",\"@id\":\"https:\\\/\\\/wpsetups.com\\\/temp-radionica2\\\/#\\\/schema\\\/person\\\/8d42909acf433e51a90ab46a711baba1\"},\"headline\":\"Entdecken Sie luxuri\u00f6se Apartments in Pore\u010d, Kroatien\",\"datePublished\":\"2025-04-02T12:32:37+00:00\",\"mainEntityOfPage\":{\"@id\":\"https:\\\/\\\/wpsetups.com\\\/temp-radionica2\\\/de\\\/entdecken-sie-luxurioese-apartments-in-porec-kroatien\\\/\"},\"wordCount\":748,\"commentCount\":0,\"image\":{\"@id\":\"https:\\\/\\\/wpsetups.com\\\/temp-radionica2\\\/de\\\/entdecken-sie-luxurioese-apartments-in-porec-kroatien\\\/#primaryimage\"},\"thumbnailUrl\":\"https:\\\/\\\/wpsetups.com\\\/temp-radionica2\\\/wp-content\\\/uploads\\\/2026\\\/05\\\/apartment_rivetta_luxistria_16.webp\",\"articleSection\":[\"Nachricht\"],\"inLanguage\":\"de\",\"potentialAction\":[{\"@type\":\"CommentAction\",\"name\":\"Comment\",\"target\":[\"https:\\\/\\\/wpsetups.com\\\/temp-radionica2\\\/de\\\/entdecken-sie-luxurioese-apartments-in-porec-kroatien\\\/#respond\"]}]},{\"@type\":\"WebPage\",\"@id\":\"https:\\\/\\\/wpsetups.com\\\/temp-radionica2\\\/de\\\/entdecken-sie-luxurioese-apartments-in-porec-kroatien\\\/\",\"url\":\"https:\\\/\\\/wpsetups.com\\\/temp-radionica2\\\/de\\\/entdecken-sie-luxurioese-apartments-in-porec-kroatien\\\/\",\"name\":\"Entdecken Sie luxuri\u00f6se Apartments in Pore\u010d, Kroatien - Luxistria Rent\",\"isPartOf\":{\"@id\":\"https:\\\/\\\/wpsetups.com\\\/temp-radionica2\\\/#website\"},\"primaryImageOfPage\":{\"@id\":\"https:\\\/\\\/wpsetups.com\\\/temp-radionica2\\\/de\\\/entdecken-sie-luxurioese-apartments-in-porec-kroatien\\\/#primaryimage\"},\"image\":{\"@id\":\"https:\\\/\\\/wpsetups.com\\\/temp-radionica2\\\/de\\\/entdecken-sie-luxurioese-apartments-in-porec-kroatien\\\/#primaryimage\"},\"thumbnailUrl\":\"https:\\\/\\\/wpsetups.com\\\/temp-radionica2\\\/wp-content\\\/uploads\\\/2026\\\/05\\\/apartment_rivetta_luxistria_16.webp\",\"datePublished\":\"2025-04-02T12:32:37+00:00\",\"author\":{\"@id\":\"https:\\\/\\\/wpsetups.com\\\/temp-radionica2\\\/#\\\/schema\\\/person\\\/8d42909acf433e51a90ab46a711baba1\"},\"breadcrumb\":{\"@id\":\"https:\\\/\\\/wpsetups.com\\\/temp-radionica2\\\/de\\\/entdecken-sie-luxurioese-apartments-in-porec-kroatien\\\/#breadcrumb\"},\"inLanguage\":\"de\",\"potentialAction\":[{\"@type\":\"ReadAction\",\"target\":[\"https:\\\/\\\/wpsetups.com\\\/temp-radionica2\\\/de\\\/entdecken-sie-luxurioese-apartments-in-porec-kroatien\\\/\"]}]},{\"@type\":\"ImageObject\",\"inLanguage\":\"de\",\"@id\":\"https:\\\/\\\/wpsetups.com\\\/temp-radionica2\\\/de\\\/entdecken-sie-luxurioese-apartments-in-porec-kroatien\\\/#primaryimage\",\"url\":\"https:\\\/\\\/wpsetups.com\\\/temp-radionica2\\\/wp-content\\\/uploads\\\/2026\\\/05\\\/apartment_rivetta_luxistria_16.webp\",\"contentUrl\":\"https:\\\/\\\/wpsetups.com\\\/temp-radionica2\\\/wp-content\\\/uploads\\\/2026\\\/05\\\/apartment_rivetta_luxistria_16.webp\",\"width\":1000,\"height\":668},{\"@type\":\"BreadcrumbList\",\"@id\":\"https:\\\/\\\/wpsetups.com\\\/temp-radionica2\\\/de\\\/entdecken-sie-luxurioese-apartments-in-porec-kroatien\\\/#breadcrumb\",\"itemListElement\":[{\"@type\":\"ListItem\",\"position\":1,\"name\":\"Home\",\"item\":\"https:\\\/\\\/wpsetups.com\\\/temp-radionica2\\\/de\\\/\"},{\"@type\":\"ListItem\",\"position\":2,\"name\":\"Entdecken Sie luxuri\u00f6se Apartments in Pore\u010d, Kroatien\"}]},{\"@type\":\"WebSite\",\"@id\":\"https:\\\/\\\/wpsetups.com\\\/temp-radionica2\\\/#website\",\"url\":\"https:\\\/\\\/wpsetups.com\\\/temp-radionica2\\\/\",\"name\":\"Luxistria Rent\",\"description\":\"\",\"potentialAction\":[{\"@type\":\"SearchAction\",\"target\":{\"@type\":\"EntryPoint\",\"urlTemplate\":\"https:\\\/\\\/wpsetups.com\\\/temp-radionica2\\\/?s={search_term_string}\"},\"query-input\":{\"@type\":\"PropertyValueSpecification\",\"valueRequired\":true,\"valueName\":\"search_term_string\"}}],\"inLanguage\":\"de\"},{\"@type\":\"Person\",\"@id\":\"https:\\\/\\\/wpsetups.com\\\/temp-radionica2\\\/#\\\/schema\\\/person\\\/8d42909acf433e51a90ab46a711baba1\",\"name\":\"admin\",\"image\":{\"@type\":\"ImageObject\",\"inLanguage\":\"de\",\"@id\":\"https:\\\/\\\/secure.gravatar.com\\\/avatar\\\/5625f553f253f456b98a5d87cfed51fdcb711905cfabc618b79b2bda138b35ca?s=96&d=mm&r=g\",\"url\":\"https:\\\/\\\/secure.gravatar.com\\\/avatar\\\/5625f553f253f456b98a5d87cfed51fdcb711905cfabc618b79b2bda138b35ca?s=96&d=mm&r=g\",\"contentUrl\":\"https:\\\/\\\/secure.gravatar.com\\\/avatar\\\/5625f553f253f456b98a5d87cfed51fdcb711905cfabc618b79b2bda138b35ca?s=96&d=mm&r=g\",\"caption\":\"admin\"},\"sameAs\":[\"https:\\\/\\\/wpsetups.com\\\/temp-radionica2\"],\"url\":\"https:\\\/\\\/wpsetups.com\\\/temp-radionica2\\\/de\\\/author\\\/admin_7g0keo8i\\\/\"}]}<\/script>\n<!-- \/ Yoast SEO plugin. -->","yoast_head_json":{"title":"Entdecken Sie luxuri\u00f6se Apartments in Pore\u010d, Kroatien - Luxistria Rent","robots":{"index":"noindex","follow":"follow","max-snippet":"max-snippet:-1","max-image-preview":"max-image-preview:large","max-video-preview":"max-video-preview:-1"},"og_locale":"de_DE","og_type":"article","og_title":"Entdecken Sie luxuri\u00f6se Apartments in Pore\u010d, Kroatien - Luxistria Rent","og_description":"Willkommen in der charmanten K&uuml;stenstadt Pore\u010d, wo Geschichte auf modernen Luxus trifft. Eingebettet auf der bezaubernden Halbinsel Istrien bietet Pore\u010d eine faszinierende Mischung aus malerischen Landschaften und lebendiger Kultur. Hier finden Sie au&szlig;ergew&ouml;hnliche Luxusapartments, die einen unvergesslichen Aufenthalt in diesem kroatischen Paradies versprechen.","og_url":"https:\/\/wpsetups.com\/temp-radionica2\/de\/entdecken-sie-luxurioese-apartments-in-porec-kroatien\/","og_site_name":"Luxistria Rent","article_published_time":"2025-04-02T12:32:37+00:00","og_image":[{"width":1000,"height":668,"url":"https:\/\/wpsetups.com\/temp-radionica2\/wp-content\/uploads\/2026\/05\/apartment_rivetta_luxistria_16.webp","type":"image\/webp"}],"author":"admin","twitter_card":"summary_large_image","twitter_misc":{"Verfasst von":"admin","Gesch\u00e4tzte Lesezeit":"4\u00a0Minuten"},"schema":{"@context":"https:\/\/schema.org","@graph":[{"@type":"Article","@id":"https:\/\/wpsetups.com\/temp-radionica2\/de\/entdecken-sie-luxurioese-apartments-in-porec-kroatien\/#article","isPartOf":{"@id":"https:\/\/wpsetups.com\/temp-radionica2\/de\/entdecken-sie-luxurioese-apartments-in-porec-kroatien\/"},"author":{"name":"admin","@id":"https:\/\/wpsetups.com\/temp-radionica2\/#\/schema\/person\/8d42909acf433e51a90ab46a711baba1"},"headline":"Entdecken Sie luxuri\u00f6se Apartments in Pore\u010d, Kroatien","datePublished":"2025-04-02T12:32:37+00:00","mainEntityOfPage":{"@id":"https:\/\/wpsetups.com\/temp-radionica2\/de\/entdecken-sie-luxurioese-apartments-in-porec-kroatien\/"},"wordCount":748,"commentCount":0,"image":{"@id":"https:\/\/wpsetups.com\/temp-radionica2\/de\/entdecken-sie-luxurioese-apartments-in-porec-kroatien\/#primaryimage"},"thumbnailUrl":"https:\/\/wpsetups.com\/temp-radionica2\/wp-content\/uploads\/2026\/05\/apartment_rivetta_luxistria_16.webp","articleSection":["Nachricht"],"inLanguage":"de","potentialAction":[{"@type":"CommentAction","name":"Comment","target":["https:\/\/wpsetups.com\/temp-radionica2\/de\/entdecken-sie-luxurioese-apartments-in-porec-kroatien\/#respond"]}]},{"@type":"WebPage","@id":"https:\/\/wpsetups.com\/temp-radionica2\/de\/entdecken-sie-luxurioese-apartments-in-porec-kroatien\/","url":"https:\/\/wpsetups.com\/temp-radionica2\/de\/entdecken-sie-luxurioese-apartments-in-porec-kroatien\/","name":"Entdecken Sie luxuri\u00f6se Apartments in Pore\u010d, Kroatien - Luxistria Rent","isPartOf":{"@id":"https:\/\/wpsetups.com\/temp-radionica2\/#website"},"primaryImageOfPage":{"@id":"https:\/\/wpsetups.com\/temp-radionica2\/de\/entdecken-sie-luxurioese-apartments-in-porec-kroatien\/#primaryimage"},"image":{"@id":"https:\/\/wpsetups.com\/temp-radionica2\/de\/entdecken-sie-luxurioese-apartments-in-porec-kroatien\/#primaryimage"},"thumbnailUrl":"https:\/\/wpsetups.com\/temp-radionica2\/wp-content\/uploads\/2026\/05\/apartment_rivetta_luxistria_16.webp","datePublished":"2025-04-02T12:32:37+00:00","author":{"@id":"https:\/\/wpsetups.com\/temp-radionica2\/#\/schema\/person\/8d42909acf433e51a90ab46a711baba1"},"breadcrumb":{"@id":"https:\/\/wpsetups.com\/temp-radionica2\/de\/entdecken-sie-luxurioese-apartments-in-porec-kroatien\/#breadcrumb"},"inLanguage":"de","potentialAction":[{"@type":"ReadAction","target":["https:\/\/wpsetups.com\/temp-radionica2\/de\/entdecken-sie-luxurioese-apartments-in-porec-kroatien\/"]}]},{"@type":"ImageObject","inLanguage":"de","@id":"https:\/\/wpsetups.com\/temp-radionica2\/de\/entdecken-sie-luxurioese-apartments-in-porec-kroatien\/#primaryimage","url":"https:\/\/wpsetups.com\/temp-radionica2\/wp-content\/uploads\/2026\/05\/apartment_rivetta_luxistria_16.webp","contentUrl":"https:\/\/wpsetups.com\/temp-radionica2\/wp-content\/uploads\/2026\/05\/apartment_rivetta_luxistria_16.webp","width":1000,"height":668},{"@type":"BreadcrumbList","@id":"https:\/\/wpsetups.com\/temp-radionica2\/de\/entdecken-sie-luxurioese-apartments-in-porec-kroatien\/#breadcrumb","itemListElement":[{"@type":"ListItem","position":1,"name":"Home","item":"https:\/\/wpsetups.com\/temp-radionica2\/de\/"},{"@type":"ListItem","position":2,"name":"Entdecken Sie luxuri\u00f6se Apartments in Pore\u010d, Kroatien"}]},{"@type":"WebSite","@id":"https:\/\/wpsetups.com\/temp-radionica2\/#website","url":"https:\/\/wpsetups.com\/temp-radionica2\/","name":"Luxistria Rent","description":"","potentialAction":[{"@type":"SearchAction","target":{"@type":"EntryPoint","urlTemplate":"https:\/\/wpsetups.com\/temp-radionica2\/?s={search_term_string}"},"query-input":{"@type":"PropertyValueSpecification","valueRequired":true,"valueName":"search_term_string"}}],"inLanguage":"de"},{"@type":"Person","@id":"https:\/\/wpsetups.com\/temp-radionica2\/#\/schema\/person\/8d42909acf433e51a90ab46a711baba1","name":"admin","image":{"@type":"ImageObject","inLanguage":"de","@id":"https:\/\/secure.gravatar.com\/avatar\/5625f553f253f456b98a5d87cfed51fdcb711905cfabc618b79b2bda138b35ca?s=96&d=mm&r=g","url":"https:\/\/secure.gravatar.com\/avatar\/5625f553f253f456b98a5d87cfed51fdcb711905cfabc618b79b2bda138b35ca?s=96&d=mm&r=g","contentUrl":"https:\/\/secure.gravatar.com\/avatar\/5625f553f253f456b98a5d87cfed51fdcb711905cfabc618b79b2bda138b35ca?s=96&d=mm&r=g","caption":"admin"},"sameAs":["https:\/\/wpsetups.com\/temp-radionica2"],"url":"https:\/\/wpsetups.com\/temp-radionica2\/de\/author\/admin_7g0keo8i\/"}]}},"_links":{"self":[{"href":"https:\/\/wpsetups.com\/temp-radionica2\/de\/wp-json\/wp\/v2\/posts\/1582","targetHints":{"allow":["GET"]}}],"collection":[{"href":"https:\/\/wpsetups.com\/temp-radionica2\/de\/wp-json\/wp\/v2\/posts"}],"about":[{"href":"https:\/\/wpsetups.com\/temp-radionica2\/de\/wp-json\/wp\/v2\/types\/post"}],"author":[{"embeddable":true,"href":"https:\/\/wpsetups.com\/temp-radionica2\/de\/wp-json\/wp\/v2\/users\/1"}],"replies":[{"embeddable":true,"href":"https:\/\/wpsetups.com\/temp-radionica2\/de\/wp-json\/wp\/v2\/comments?post=1582"}],"version-history":[{"count":0,"href":"https:\/\/wpsetups.com\/temp-radionica2\/de\/wp-json\/wp\/v2\/posts\/1582\/revisions"}],"wp:featuredmedia":[{"embeddable":true,"href":"https:\/\/wpsetups.com\/temp-radionica2\/de\/wp-json\/wp\/v2\/media\/270"}],"wp:attachment":[{"href":"https:\/\/wpsetups.com\/temp-radionica2\/de\/wp-json\/wp\/v2\/media?parent=1582"}],"wp:term":[{"taxonomy":"category","embeddable":true,"href":"https:\/\/wpsetups.com\/temp-radionica2\/de\/wp-json\/wp\/v2\/categories?post=1582"},{"taxonomy":"post_tag","embeddable":true,"href":"https:\/\/wpsetups.com\/temp-radionica2\/de\/wp-json\/wp\/v2\/tags?post=1582"}],"curies":[{"name":"wp","href":"https:\/\/api.w.org\/{rel}","templated":true}]}}