{"id":1583,"date":"2023-11-16T10:17:23","date_gmt":"2023-11-16T10:17:23","guid":{"rendered":"https:\/\/wpsetups.com\/temp-radionica2\/1583\/"},"modified":"2026-07-03T15:29:07","modified_gmt":"2026-07-03T15:29:07","slug":"reisefuehrer-fuer-pula-die-historische-perle-der-adria","status":"publish","type":"post","link":"https:\/\/wpsetups.com\/temp-radionica2\/de\/reisefuehrer-fuer-pula-die-historische-perle-der-adria\/","title":{"rendered":"Reisef\u00fchrer f\u00fcr Pula \u2013 Die historische Perle der Adria"},"content":{"rendered":"<p>Pula liegt im s\u00fcdlichen Teil Istriens und ist eines der strahlendsten Juwelen der Adria. Diese Stadt ist reich an Geschichte, Kultur und nat\u00fcrlicher Sch\u00f6nheit. F\u00fcr Besucher, die den ganzen Charme dieser Perle erleben m\u00f6chten, ist dies ein F\u00fchrer zu einigen der unvergesslichsten Attraktionen, darunter die Pula-Arena, das Pula-Filmfestival und das Pula-Aquarium.<\/p>\n<h2>Pula Arena: Ein gro\u00dfartiges Erbe der Vergangenheit<\/h2>\n<p>Die Arena von Pula, ein monumentales r\u00f6misches Amphitheater, gilt zu Recht als das Wahrzeichen von Pula. Dieses imposante Bauwerk wurde im 1. Jahrhundert erbaut und versetzt uns in die Zeit zur\u00fcck, als Pula ein wichtiges regionales Zentrum des R\u00f6mischen Reiches war. Die Arena besteht aus wei\u00dfem und grauem lokalem Stein und ist ein architektonisches Spektakel, das den Geist der Vergangenheit bis heute bewahrt.<\/p>\n<p>Mit Abmessungen, mit denen kaum ein anderes Amphitheater mithalten kann, bietet die Arena von Pula Platz f\u00fcr mehr als 20.000 Zuschauer. Dieses r\u00f6mische Kolosseum war urspr\u00fcnglich Schauplatz von Gladiatorenk\u00e4mpfen, Kampfspektakeln und anderen \u00f6ffentlichen Veranstaltungen, die die Massen zusammenbrachten. Beeindruckende architektonische L\u00f6sungen wie eine Reihe von B\u00f6gen und Treppen zeugen vom K\u00f6nnen und der Ingenieurskunst der antiken Baumeister.<\/p>\n<p>Was die Arena von Pula noch spezieller macht, ist ihre Vielseitigkeit im Laufe der Jahrhunderte. Heute finden in der Arena verschiedene kulturelle Veranstaltungen, Musikkonzerte, Theaterauff\u00fchrungen und Filme statt. Flutlichter ersetzen das Sonnenlicht und schaffen eine unvergessliche Atmosph\u00e4re, die Kunst- und Geschichtsliebhaber zusammenbringt.<\/p>\n<p>F\u00fcr Besucher, die ihre Steinschwelle betreten, bietet die Arena von Pula ein einzigartiges Erlebnis. Sie werden den Geist der antiken Welt sp\u00fcren, wenn Sie durch die G\u00e4nge gehen, und der Blick auf die umliegende Stadt von der Spitze der Arena bietet Ihnen ein atemberaubendes Panorama. Vereinfacht gesagt ist die Arena von Pula nicht nur ein arch\u00e4ologisches Denkmal, sondern auch ein lebendiger Zeuge der reichen Geschichte Pulas.<\/p>\n<h2>Pula Film Festival: Filmkunst im Herzen Istriens<\/h2>\n<p>Das Pula Film Festival, das mitten im Sommer stattfindet, ist zum Synonym f\u00fcr Filmkunst und das Treffen von Filmbegeisterten in der gesamten Region geworden. Dieses Festival mit seinem beeindruckenden Erbe ist nicht nur ein Filmereignis, sondern auch ein Fest der Kreativit\u00e4t, des Talents und der Filmleidenschaft, die in Pula seit mehr als siebzig Jahren gelebt wird.<\/p>\n<p>Die Stadt Pula wird w\u00e4hrend des Festivals zum Epizentrum der Filmindustrie und zieht Filmemacher, Schauspieler und Liebhaber der siebten Kunst an. Das Pula Film Festival pr\u00e4sentiert eine Reihe von Filmgenres, von Spielfilmen \u00fcber Kurzfilme bis hin zu Dokumentationen, und bietet dem Publikum ein breites Spektrum an Filmerlebnissen.<\/p>\n<p>Das Festival bewahrt nicht nur seine Wurzeln in der Filmkunst, sondern auch in der Kultur von Pula. Bei Vorf\u00fchrungen im Freien haben Filmliebhaber die M\u00f6glichkeit, Kinoperlen unter dem Sternenhimmel zu genie\u00dfen und so ein unvergessliches Erlebnis zu schaffen, das im sanften Glanz der Pula-N\u00e4chte erstrahlt.<\/p>\n<p>Die Preisverleihung am Ende des Festivals ist nicht nur ein Moment der W\u00fcrdigung der besten Filmleistungen; Es ist auch eine Anerkennung der Kreativit\u00e4t und des Beitrags zur Filmindustrie. Das Pula Film Festival f\u00f6rdert nicht nur einheimische Filmemacher, sondern verbindet die Region auch mit der internationalen Filmgemeinschaft.<\/p>\n<p>Dieses Festival ist nicht nur eine Gelegenheit, Filme zu f\u00f6rdern, sondern auch Filmliebhaber mit Regisseuren, Schauspielern und anderen Filmprofis zusammenzubringen. Die Atmosph\u00e4re, die die Stadt w\u00e4hrend des Festivals umh\u00fcllt, ist unbeschreiblich besonders \u2013 von spannenden Vorf\u00fchrungen bis hin zu informellen Diskussionen \u00fcber Film wird Pula w\u00e4hrend des Festivals zu einem Ort, an dem die Liebe zum Film gefeiert und geteilt wird. Das Pula Film Festival hat f\u00fcr immer seine Spuren auf der Filmkarte hinterlassen und Pula zu einem unverzichtbaren Ziel f\u00fcr alle Liebhaber der siebten Kunst gemacht.<\/p>\n<h2>Aquarium Pula: Die Unterwasserwelt Istriens und der Adria<\/h2>\n<p>Das Aquarium Pula ist eine faszinierende Schatzkammer der Meeresgeheimnisse an der Adriak\u00fcste. Direkt am Meer gelegen, ist dies ein Ort, an dem Besucher in den Reichtum des lokalen Meeresbodens eintauchen und die Wunder des Meereslebens entdecken k\u00f6nnen, das die istrische K\u00fcste bewohnt.<\/p>\n<p>Sobald Sie das Aquarium betreten, werden Sie von der Vielfalt an Farben und Formen begr\u00fc\u00dft, die die Unterwasserwelt charakterisieren. Verschiedene Fischarten, Muscheln, Korallen und andere Meeresorganismen sind ein eindrucksvolles Beispiel f\u00fcr die biologische Vielfalt der Adria. Aquarien sind so konzipiert, dass sie einen nat\u00fcrlichen Lebensraum simulieren und den Besuchern ein authentisches Erlebnis der Meereslebewesen bieten.<\/p>\n<p>Einer der besonderen Momente im Aquarium Pula sind die Steinkorridore, in denen Besucher buchst\u00e4blich das Gef\u00fchl haben, am Meer entlang und durch die Geschichte von Pula zu spazieren. Dieses Erlebnis erm\u00f6glicht es Ihnen, von Fischen und anderen Meereslebewesen umgeben zu sein und ein Gef\u00fchl der Verbundenheit mit der Unterwasserwelt zu entwickeln.<\/p>\n<p>Das Aquarium spielt auch eine wichtige Rolle bei der Aufkl\u00e4rung der Besucher \u00fcber den Schutz der Meeresumwelt. Durch interaktive Ausstellungen, Bildungsworkshops und Informationen zum Schutz mariner Arten erhalten Besucher einen Einblick in die Fragilit\u00e4t des Meeres\u00f6kosystems und seine Rolle bei seiner Erhaltung.<\/p>\n<p>Wer sich besonders f\u00fcr Meeresorganismen interessiert, kann an fachkundig gef\u00fchrten Touren teilnehmen, die zus\u00e4tzliche Informationen \u00fcber die Biologie, das Verhalten und den Schutz der Meeresarten vermitteln. Diese Form der Bildung bereichert den Besuch zus\u00e4tzlich und macht ihn nicht nur optisch attraktiv, sondern auch zu einem lehrreichen Erlebnis.<\/p>\n<h2>Durch Pula mit unserer Luxusunterkunft<\/h2>\n<p>Zum Abschluss dieses Reisef\u00fchrers f\u00fcr Pula ist es einfach unm\u00f6glich, den Reichtum, die Vielfalt und die Sch\u00f6nheit, die diese Stadt ihren Besuchern bietet, nicht zu w\u00fcrdigen. Von der imposanten Pula-Arena, die eine Zeitreise in die Antike bietet, \u00fcber die dynamische Atmosph\u00e4re des Pula-Filmfestivals, bei dem jedes Bild zu einem Meisterwerk wird, bis hin zur Magie der Unterwasserwelt im Pula-Aquarium \u2013 in jedem Moment Der Aufenthalt in dieser Perle der Adria hinterl\u00e4sst einen unausl\u00f6schlichen Eindruck. .<\/p>\n<p>Pula bietet Besuchern mit seiner einzigartigen Kombination aus Geschichte, Kultur und nat\u00fcrlicher Sch\u00f6nheit ein Erlebnis, das alle Sinne weckt. Seine malerischen Stra\u00dfen, lokalen Tavernen, das t\u00fcrkisfarbene Meer und zahlreiche Veranstaltungen machen es zu einem Reiseziel, das alle Besucher erfreut und die Herzen erobert.<\/p>\n<p>Diese Stadt bewahrt nicht nur ihr reiches Erbe, sondern entwickelt sich auch zu einem modernen Reiseziel, das gleichzeitig seinen authentischen Charakter pflegt. Pula ist wie ein Buch, das man immer wieder lesen m\u00f6chte und bei dem man mit jedem Schritt neue Geschichten und Sch\u00f6nheiten entdeckt.<\/p>\n<p>Wenn Sie also \u00fcber Ihre n\u00e4chste Reise nachdenken, setzen Sie Pula ganz oben auf Ihre Reisezielliste. Dieses Juwel der Adria bietet ein unvergessliches Erlebnis, das Ihnen ein Leben lang in Erinnerung bleiben wird. Pula \u2013 eine Stadt, die durch ihre Sch\u00f6nheit, W\u00e4rme und Authentizit\u00e4t verzaubert, erwartet Sie mit offenen Armen.<\/p>\n<p>F\u00fcr diejenigen, die ihre Erfahrung in Pula noch weiter vertiefen m\u00f6chten, bietet <a href=\"\/\" target=\"_blank\" rel=\"noopener\">LuxIstria exklusive Unterk\u00fcnfte im Herzen dieser einzigartigen Stadt<\/a>. Eingebettet in eine ruhige Umgebung bieten unsere Luxusunterk\u00fcnfte eine Oase der Privatsph\u00e4re und des Komforts und bieten den perfekten R\u00fcckzugsort nach einem Tag voller kultureller Sehensw\u00fcrdigkeiten, Kinozauber oder Erkundungen der Tiefen des Meeres.<\/p>\n<p>Ob Sie sich f\u00fcr eine Villa mit einem sch\u00f6nen Garten, einem gro\u00dfz\u00fcgigen Pool oder einer Terrasse mit Blick auf das Meer entscheiden, unser Angebot an Unterk\u00fcnften passt perfekt zum Geist von Pula. Komfort, Luxus und Raffinesse zeichnen unsere Villen aus und bieten Ihnen einen Raum, in dem Sie den Puls der Stadt voll und ganz sp\u00fcren k\u00f6nnen.<\/p>\n","protected":false},"excerpt":{"rendered":"<p>Pula liegt im s&uuml;dlichen Teil Istriens und ist eines der strahlendsten Juwelen der Adria. Diese Stadt ist reich an Geschichte, Kultur und nat&uuml;rlicher Sch&ouml;nheit.<\/p>\n","protected":false},"author":1,"featured_media":272,"comment_status":"open","ping_status":"closed","sticky":false,"template":"","format":"standard","meta":{"footnotes":""},"categories":[1301],"tags":[],"class_list":["post-1583","post","type-post","status-publish","format-standard","has-post-thumbnail","hentry","category-nachricht"],"yoast_head":"<!-- This site is optimized with the Yoast SEO plugin v28.2 - https:\/\/yoast.com\/product\/yoast-seo-wordpress\/ -->\n<title>Reisef\u00fchrer f\u00fcr Pula \u2013 Die historische Perle der Adria - Luxistria Rent<\/title>\n<meta name=\"robots\" content=\"noindex, follow, max-snippet:-1, max-image-preview:large, max-video-preview:-1\" \/>\n<meta property=\"og:locale\" content=\"de_DE\" \/>\n<meta property=\"og:type\" content=\"article\" \/>\n<meta property=\"og:title\" content=\"Reisef\u00fchrer f\u00fcr Pula \u2013 Die historische Perle der Adria - Luxistria Rent\" \/>\n<meta property=\"og:description\" content=\"Pula liegt im s&uuml;dlichen Teil Istriens und ist eines der strahlendsten Juwelen der Adria. Diese Stadt ist reich an Geschichte, Kultur und nat&uuml;rlicher Sch&ouml;nheit.\" \/>\n<meta property=\"og:url\" content=\"https:\/\/wpsetups.com\/temp-radionica2\/de\/reisefuehrer-fuer-pula-die-historische-perle-der-adria\/\" \/>\n<meta property=\"og:site_name\" content=\"Luxistria Rent\" \/>\n<meta property=\"article:published_time\" content=\"2023-11-16T10:17:23+00:00\" \/>\n<meta property=\"article:modified_time\" content=\"2026-07-03T15:29:07+00:00\" \/>\n<meta property=\"og:image\" content=\"https:\/\/wpsetups.com\/temp-radionica2\/wp-content\/uploads\/2026\/05\/1700129843_2721.webp\" \/>\n\t<meta property=\"og:image:width\" content=\"1000\" \/>\n\t<meta property=\"og:image:height\" content=\"749\" \/>\n\t<meta property=\"og:image:type\" content=\"image\/webp\" \/>\n<meta name=\"author\" content=\"admin\" \/>\n<meta name=\"twitter:card\" content=\"summary_large_image\" \/>\n<meta name=\"twitter:label1\" content=\"Verfasst von\" \/>\n\t<meta name=\"twitter:data1\" content=\"admin\" \/>\n\t<meta name=\"twitter:label2\" content=\"Gesch\u00e4tzte Lesezeit\" \/>\n\t<meta name=\"twitter:data2\" content=\"6\u00a0Minuten\" \/>\n<script type=\"application\/ld+json\" class=\"yoast-schema-graph\">{\"@context\":\"https:\\\/\\\/schema.org\",\"@graph\":[{\"@type\":\"Article\",\"@id\":\"https:\\\/\\\/wpsetups.com\\\/temp-radionica2\\\/de\\\/reisefuehrer-fuer-pula-die-historische-perle-der-adria\\\/#article\",\"isPartOf\":{\"@id\":\"https:\\\/\\\/wpsetups.com\\\/temp-radionica2\\\/de\\\/reisefuehrer-fuer-pula-die-historische-perle-der-adria\\\/\"},\"author\":{\"name\":\"admin\",\"@id\":\"https:\\\/\\\/wpsetups.com\\\/temp-radionica2\\\/#\\\/schema\\\/person\\\/8d42909acf433e51a90ab46a711baba1\"},\"headline\":\"Reisef\u00fchrer f\u00fcr Pula \u2013 Die historische Perle der Adria\",\"datePublished\":\"2023-11-16T10:17:23+00:00\",\"dateModified\":\"2026-07-03T15:29:07+00:00\",\"mainEntityOfPage\":{\"@id\":\"https:\\\/\\\/wpsetups.com\\\/temp-radionica2\\\/de\\\/reisefuehrer-fuer-pula-die-historische-perle-der-adria\\\/\"},\"wordCount\":1243,\"commentCount\":0,\"image\":{\"@id\":\"https:\\\/\\\/wpsetups.com\\\/temp-radionica2\\\/de\\\/reisefuehrer-fuer-pula-die-historische-perle-der-adria\\\/#primaryimage\"},\"thumbnailUrl\":\"https:\\\/\\\/wpsetups.com\\\/temp-radionica2\\\/wp-content\\\/uploads\\\/2026\\\/05\\\/1700129843_2721.webp\",\"articleSection\":[\"Nachricht\"],\"inLanguage\":\"de\",\"potentialAction\":[{\"@type\":\"CommentAction\",\"name\":\"Comment\",\"target\":[\"https:\\\/\\\/wpsetups.com\\\/temp-radionica2\\\/de\\\/reisefuehrer-fuer-pula-die-historische-perle-der-adria\\\/#respond\"]}]},{\"@type\":\"WebPage\",\"@id\":\"https:\\\/\\\/wpsetups.com\\\/temp-radionica2\\\/de\\\/reisefuehrer-fuer-pula-die-historische-perle-der-adria\\\/\",\"url\":\"https:\\\/\\\/wpsetups.com\\\/temp-radionica2\\\/de\\\/reisefuehrer-fuer-pula-die-historische-perle-der-adria\\\/\",\"name\":\"Reisef\u00fchrer f\u00fcr Pula \u2013 Die historische Perle der Adria - Luxistria Rent\",\"isPartOf\":{\"@id\":\"https:\\\/\\\/wpsetups.com\\\/temp-radionica2\\\/#website\"},\"primaryImageOfPage\":{\"@id\":\"https:\\\/\\\/wpsetups.com\\\/temp-radionica2\\\/de\\\/reisefuehrer-fuer-pula-die-historische-perle-der-adria\\\/#primaryimage\"},\"image\":{\"@id\":\"https:\\\/\\\/wpsetups.com\\\/temp-radionica2\\\/de\\\/reisefuehrer-fuer-pula-die-historische-perle-der-adria\\\/#primaryimage\"},\"thumbnailUrl\":\"https:\\\/\\\/wpsetups.com\\\/temp-radionica2\\\/wp-content\\\/uploads\\\/2026\\\/05\\\/1700129843_2721.webp\",\"datePublished\":\"2023-11-16T10:17:23+00:00\",\"dateModified\":\"2026-07-03T15:29:07+00:00\",\"author\":{\"@id\":\"https:\\\/\\\/wpsetups.com\\\/temp-radionica2\\\/#\\\/schema\\\/person\\\/8d42909acf433e51a90ab46a711baba1\"},\"breadcrumb\":{\"@id\":\"https:\\\/\\\/wpsetups.com\\\/temp-radionica2\\\/de\\\/reisefuehrer-fuer-pula-die-historische-perle-der-adria\\\/#breadcrumb\"},\"inLanguage\":\"de\",\"potentialAction\":[{\"@type\":\"ReadAction\",\"target\":[\"https:\\\/\\\/wpsetups.com\\\/temp-radionica2\\\/de\\\/reisefuehrer-fuer-pula-die-historische-perle-der-adria\\\/\"]}]},{\"@type\":\"ImageObject\",\"inLanguage\":\"de\",\"@id\":\"https:\\\/\\\/wpsetups.com\\\/temp-radionica2\\\/de\\\/reisefuehrer-fuer-pula-die-historische-perle-der-adria\\\/#primaryimage\",\"url\":\"https:\\\/\\\/wpsetups.com\\\/temp-radionica2\\\/wp-content\\\/uploads\\\/2026\\\/05\\\/1700129843_2721.webp\",\"contentUrl\":\"https:\\\/\\\/wpsetups.com\\\/temp-radionica2\\\/wp-content\\\/uploads\\\/2026\\\/05\\\/1700129843_2721.webp\",\"width\":1000,\"height\":749},{\"@type\":\"BreadcrumbList\",\"@id\":\"https:\\\/\\\/wpsetups.com\\\/temp-radionica2\\\/de\\\/reisefuehrer-fuer-pula-die-historische-perle-der-adria\\\/#breadcrumb\",\"itemListElement\":[{\"@type\":\"ListItem\",\"position\":1,\"name\":\"Home\",\"item\":\"https:\\\/\\\/wpsetups.com\\\/temp-radionica2\\\/de\\\/\"},{\"@type\":\"ListItem\",\"position\":2,\"name\":\"Reisef\u00fchrer f\u00fcr Pula \u2013 Die historische Perle der Adria\"}]},{\"@type\":\"WebSite\",\"@id\":\"https:\\\/\\\/wpsetups.com\\\/temp-radionica2\\\/#website\",\"url\":\"https:\\\/\\\/wpsetups.com\\\/temp-radionica2\\\/\",\"name\":\"Luxistria Rent\",\"description\":\"\",\"potentialAction\":[{\"@type\":\"SearchAction\",\"target\":{\"@type\":\"EntryPoint\",\"urlTemplate\":\"https:\\\/\\\/wpsetups.com\\\/temp-radionica2\\\/?s={search_term_string}\"},\"query-input\":{\"@type\":\"PropertyValueSpecification\",\"valueRequired\":true,\"valueName\":\"search_term_string\"}}],\"inLanguage\":\"de\"},{\"@type\":\"Person\",\"@id\":\"https:\\\/\\\/wpsetups.com\\\/temp-radionica2\\\/#\\\/schema\\\/person\\\/8d42909acf433e51a90ab46a711baba1\",\"name\":\"admin\",\"image\":{\"@type\":\"ImageObject\",\"inLanguage\":\"de\",\"@id\":\"https:\\\/\\\/secure.gravatar.com\\\/avatar\\\/5625f553f253f456b98a5d87cfed51fdcb711905cfabc618b79b2bda138b35ca?s=96&d=mm&r=g\",\"url\":\"https:\\\/\\\/secure.gravatar.com\\\/avatar\\\/5625f553f253f456b98a5d87cfed51fdcb711905cfabc618b79b2bda138b35ca?s=96&d=mm&r=g\",\"contentUrl\":\"https:\\\/\\\/secure.gravatar.com\\\/avatar\\\/5625f553f253f456b98a5d87cfed51fdcb711905cfabc618b79b2bda138b35ca?s=96&d=mm&r=g\",\"caption\":\"admin\"},\"sameAs\":[\"https:\\\/\\\/wpsetups.com\\\/temp-radionica2\"],\"url\":\"https:\\\/\\\/wpsetups.com\\\/temp-radionica2\\\/de\\\/author\\\/admin_7g0keo8i\\\/\"}]}<\/script>\n<!-- \/ Yoast SEO plugin. -->","yoast_head_json":{"title":"Reisef\u00fchrer f\u00fcr Pula \u2013 Die historische Perle der Adria - Luxistria Rent","robots":{"index":"noindex","follow":"follow","max-snippet":"max-snippet:-1","max-image-preview":"max-image-preview:large","max-video-preview":"max-video-preview:-1"},"og_locale":"de_DE","og_type":"article","og_title":"Reisef\u00fchrer f\u00fcr Pula \u2013 Die historische Perle der Adria - Luxistria Rent","og_description":"Pula liegt im s&uuml;dlichen Teil Istriens und ist eines der strahlendsten Juwelen der Adria. Diese Stadt ist reich an Geschichte, Kultur und nat&uuml;rlicher Sch&ouml;nheit.","og_url":"https:\/\/wpsetups.com\/temp-radionica2\/de\/reisefuehrer-fuer-pula-die-historische-perle-der-adria\/","og_site_name":"Luxistria Rent","article_published_time":"2023-11-16T10:17:23+00:00","article_modified_time":"2026-07-03T15:29:07+00:00","og_image":[{"width":1000,"height":749,"url":"https:\/\/wpsetups.com\/temp-radionica2\/wp-content\/uploads\/2026\/05\/1700129843_2721.webp","type":"image\/webp"}],"author":"admin","twitter_card":"summary_large_image","twitter_misc":{"Verfasst von":"admin","Gesch\u00e4tzte Lesezeit":"6\u00a0Minuten"},"schema":{"@context":"https:\/\/schema.org","@graph":[{"@type":"Article","@id":"https:\/\/wpsetups.com\/temp-radionica2\/de\/reisefuehrer-fuer-pula-die-historische-perle-der-adria\/#article","isPartOf":{"@id":"https:\/\/wpsetups.com\/temp-radionica2\/de\/reisefuehrer-fuer-pula-die-historische-perle-der-adria\/"},"author":{"name":"admin","@id":"https:\/\/wpsetups.com\/temp-radionica2\/#\/schema\/person\/8d42909acf433e51a90ab46a711baba1"},"headline":"Reisef\u00fchrer f\u00fcr Pula \u2013 Die historische Perle der Adria","datePublished":"2023-11-16T10:17:23+00:00","dateModified":"2026-07-03T15:29:07+00:00","mainEntityOfPage":{"@id":"https:\/\/wpsetups.com\/temp-radionica2\/de\/reisefuehrer-fuer-pula-die-historische-perle-der-adria\/"},"wordCount":1243,"commentCount":0,"image":{"@id":"https:\/\/wpsetups.com\/temp-radionica2\/de\/reisefuehrer-fuer-pula-die-historische-perle-der-adria\/#primaryimage"},"thumbnailUrl":"https:\/\/wpsetups.com\/temp-radionica2\/wp-content\/uploads\/2026\/05\/1700129843_2721.webp","articleSection":["Nachricht"],"inLanguage":"de","potentialAction":[{"@type":"CommentAction","name":"Comment","target":["https:\/\/wpsetups.com\/temp-radionica2\/de\/reisefuehrer-fuer-pula-die-historische-perle-der-adria\/#respond"]}]},{"@type":"WebPage","@id":"https:\/\/wpsetups.com\/temp-radionica2\/de\/reisefuehrer-fuer-pula-die-historische-perle-der-adria\/","url":"https:\/\/wpsetups.com\/temp-radionica2\/de\/reisefuehrer-fuer-pula-die-historische-perle-der-adria\/","name":"Reisef\u00fchrer f\u00fcr Pula \u2013 Die historische Perle der Adria - Luxistria Rent","isPartOf":{"@id":"https:\/\/wpsetups.com\/temp-radionica2\/#website"},"primaryImageOfPage":{"@id":"https:\/\/wpsetups.com\/temp-radionica2\/de\/reisefuehrer-fuer-pula-die-historische-perle-der-adria\/#primaryimage"},"image":{"@id":"https:\/\/wpsetups.com\/temp-radionica2\/de\/reisefuehrer-fuer-pula-die-historische-perle-der-adria\/#primaryimage"},"thumbnailUrl":"https:\/\/wpsetups.com\/temp-radionica2\/wp-content\/uploads\/2026\/05\/1700129843_2721.webp","datePublished":"2023-11-16T10:17:23+00:00","dateModified":"2026-07-03T15:29:07+00:00","author":{"@id":"https:\/\/wpsetups.com\/temp-radionica2\/#\/schema\/person\/8d42909acf433e51a90ab46a711baba1"},"breadcrumb":{"@id":"https:\/\/wpsetups.com\/temp-radionica2\/de\/reisefuehrer-fuer-pula-die-historische-perle-der-adria\/#breadcrumb"},"inLanguage":"de","potentialAction":[{"@type":"ReadAction","target":["https:\/\/wpsetups.com\/temp-radionica2\/de\/reisefuehrer-fuer-pula-die-historische-perle-der-adria\/"]}]},{"@type":"ImageObject","inLanguage":"de","@id":"https:\/\/wpsetups.com\/temp-radionica2\/de\/reisefuehrer-fuer-pula-die-historische-perle-der-adria\/#primaryimage","url":"https:\/\/wpsetups.com\/temp-radionica2\/wp-content\/uploads\/2026\/05\/1700129843_2721.webp","contentUrl":"https:\/\/wpsetups.com\/temp-radionica2\/wp-content\/uploads\/2026\/05\/1700129843_2721.webp","width":1000,"height":749},{"@type":"BreadcrumbList","@id":"https:\/\/wpsetups.com\/temp-radionica2\/de\/reisefuehrer-fuer-pula-die-historische-perle-der-adria\/#breadcrumb","itemListElement":[{"@type":"ListItem","position":1,"name":"Home","item":"https:\/\/wpsetups.com\/temp-radionica2\/de\/"},{"@type":"ListItem","position":2,"name":"Reisef\u00fchrer f\u00fcr Pula \u2013 Die historische Perle der Adria"}]},{"@type":"WebSite","@id":"https:\/\/wpsetups.com\/temp-radionica2\/#website","url":"https:\/\/wpsetups.com\/temp-radionica2\/","name":"Luxistria Rent","description":"","potentialAction":[{"@type":"SearchAction","target":{"@type":"EntryPoint","urlTemplate":"https:\/\/wpsetups.com\/temp-radionica2\/?s={search_term_string}"},"query-input":{"@type":"PropertyValueSpecification","valueRequired":true,"valueName":"search_term_string"}}],"inLanguage":"de"},{"@type":"Person","@id":"https:\/\/wpsetups.com\/temp-radionica2\/#\/schema\/person\/8d42909acf433e51a90ab46a711baba1","name":"admin","image":{"@type":"ImageObject","inLanguage":"de","@id":"https:\/\/secure.gravatar.com\/avatar\/5625f553f253f456b98a5d87cfed51fdcb711905cfabc618b79b2bda138b35ca?s=96&d=mm&r=g","url":"https:\/\/secure.gravatar.com\/avatar\/5625f553f253f456b98a5d87cfed51fdcb711905cfabc618b79b2bda138b35ca?s=96&d=mm&r=g","contentUrl":"https:\/\/secure.gravatar.com\/avatar\/5625f553f253f456b98a5d87cfed51fdcb711905cfabc618b79b2bda138b35ca?s=96&d=mm&r=g","caption":"admin"},"sameAs":["https:\/\/wpsetups.com\/temp-radionica2"],"url":"https:\/\/wpsetups.com\/temp-radionica2\/de\/author\/admin_7g0keo8i\/"}]}},"_links":{"self":[{"href":"https:\/\/wpsetups.com\/temp-radionica2\/de\/wp-json\/wp\/v2\/posts\/1583","targetHints":{"allow":["GET"]}}],"collection":[{"href":"https:\/\/wpsetups.com\/temp-radionica2\/de\/wp-json\/wp\/v2\/posts"}],"about":[{"href":"https:\/\/wpsetups.com\/temp-radionica2\/de\/wp-json\/wp\/v2\/types\/post"}],"author":[{"embeddable":true,"href":"https:\/\/wpsetups.com\/temp-radionica2\/de\/wp-json\/wp\/v2\/users\/1"}],"replies":[{"embeddable":true,"href":"https:\/\/wpsetups.com\/temp-radionica2\/de\/wp-json\/wp\/v2\/comments?post=1583"}],"version-history":[{"count":2,"href":"https:\/\/wpsetups.com\/temp-radionica2\/de\/wp-json\/wp\/v2\/posts\/1583\/revisions"}],"predecessor-version":[{"id":1745,"href":"https:\/\/wpsetups.com\/temp-radionica2\/de\/wp-json\/wp\/v2\/posts\/1583\/revisions\/1745"}],"wp:featuredmedia":[{"embeddable":true,"href":"https:\/\/wpsetups.com\/temp-radionica2\/de\/wp-json\/wp\/v2\/media\/272"}],"wp:attachment":[{"href":"https:\/\/wpsetups.com\/temp-radionica2\/de\/wp-json\/wp\/v2\/media?parent=1583"}],"wp:term":[{"taxonomy":"category","embeddable":true,"href":"https:\/\/wpsetups.com\/temp-radionica2\/de\/wp-json\/wp\/v2\/categories?post=1583"},{"taxonomy":"post_tag","embeddable":true,"href":"https:\/\/wpsetups.com\/temp-radionica2\/de\/wp-json\/wp\/v2\/tags?post=1583"}],"curies":[{"name":"wp","href":"https:\/\/api.w.org\/{rel}","templated":true}]}}