{"id":1485,"date":"2025-06-05T10:33:35","date_gmt":"2025-06-05T10:33:35","guid":{"rendered":"https:\/\/wpsetups.com\/temp-radionica2\/proljece-u-porecu\/"},"modified":"2025-06-05T10:33:35","modified_gmt":"2025-06-05T10:33:35","slug":"proljece-u-porecu","status":"publish","type":"post","link":"https:\/\/wpsetups.com\/temp-radionica2\/proljece-u-porecu\/","title":{"rendered":"Prolje\u0107e u Pore\u010du"},"content":{"rendered":"\n<p>Zagrlite ljepotu prirode<br \/>Ljepota Pore\u010da posebno dolazi do izra\u017eaja tijekom proljetnih mjeseci, kada divlje cvije\u0107e krasi krajolike, a mediteranska vegetacija buja. Ljubitelji prirode mogu u\u017eivati u opu&scaron;tenim &scaron;etnjama uz netaknute pla\u017ee ili se upustiti u avanturisti\u010dke &scaron;etnje i planinarenja kroz zelene &scaron;ume koje okru\u017euju regiju. Morski povjetarac u kombinaciji s aromati\u010dnim mirisima procvjetalog bilja pru\u017ea osvje\u017eavaju\u0107e i opu&scaron;taju\u0107e iskustvo za sve posjetitelje.<\/p>\n<p>Istra\u017eite povijesni &scaron;arm Pore\u010da<br \/>Povijesna privla\u010dnost Pore\u010da sna\u017eno se osje\u0107a kroz njegovu anti\u010dku arhitekturu i povijesno zna\u010dajna mjesta. Posjet Eufrazijevoj bazilici, UNESCO-ve svjetske ba&scaron;tine, pru\u017ea uvid u bogatu pro&scaron;lost grada. &Scaron;etaju\u0107i kaldrmiranim ulicama, posjetitelji mogu razgledavati rimske hramove i goti\u010dke pala\u010de, od kojih svaka pri\u010da pri\u010de davnih vremena. Prolje\u0107e je savr&scaron;eno doba za dublje istra\u017eivanje povijesti ovog iznimnog hrvatskog grada.<\/p>\n<p>U\u017eivajte u lokalnim vinskim doga\u0111anjima<br \/>U prolje\u0107e Pore\u010d postaje doma\u0107in brojnih vinskih manifestacija koje pozivaju zaljubljenike u vino da ku&scaron;aju lokalne okuse. Ova doga\u0111anja slave poznatu vinsku tradiciju regije, nude\u0107i degustacije regionalnih vina uparene s tradicionalnom hrvatskom kuhinjom. Dru\u017eenje s lokalnim vinarima i sudjelovanje u obilascima vinograda dodatno oboga\u0107uje cijelo iskustvo, \u010dine\u0107i prolje\u0107e nezaboravnim razdobljem za sve ljubitelje vina koji \u017eele uroniti u vinarsku tradiciju Pore\u010da.<\/p>\n<p>Prolje\u0107e puno doga\u0111anja<br \/>Proljetna sezona u Pore\u010du obilje\u017eena je raznim kulturnim i rekreativnim doga\u0111anjima, od umjetni\u010dkih izlo\u017ebi do glazbenih festivala. Lokalni sajmovi o\u017eivljavaju mirisima svje\u017eih proizvoda, rukotvorinama i veselim \u017eamorom posjetitelja. Bilo da tra\u017eite opu&scaron;tanje ili avanturu, prolje\u0107e u Pore\u010du nudi mno&scaron;tvo aktivnosti koje odgovaraju razli\u010ditim interesima, osiguravaju\u0107i nezaboravan boravak u ovom slikovitom hrvatskom gradi\u0107u.<\/p>\n<p>Povezuju\u0107i se s prirodom, u\u017eivaju\u0107i u vrhunskim vinima i istra\u017euju\u0107i povijesna \u010duda Pore\u010da, otkrit \u0107ete kako ovaj grad na elegantan na\u010din prikazuje jedinstveni &scaron;arm i ljepotu Hrvatske u prolje\u0107e.<\/p>\n","protected":false},"excerpt":{"rendered":"<article class=\"text-token-text-primary w-full\" dir=\"auto\" data-testid=\"conversation-turn-4\" data-scroll-anchor=\"true\">\n<div class=\"text-base my-auto mx-auto py-5 [--thread-content-margin:--spacing(4)] @[37rem]:[--thread-content-margin:--spacing(6)] @[72rem]:[--thread-content-margin:--spacing(16)] px-(--thread-content-margin)\">\n<div class=\"[--thread-content-max-width:32rem] @[34rem]:[--thread-content-max-width:40rem] @[64rem]:[--thread-content-max-width:48rem] mx-auto flex max-w-(--thread-content-max-width) flex-1 text-base gap-4 md:gap-5 lg:gap-6 group\/turn-messages focus-visible:outline-hidden\" tabindex=\"-1\">\n<div class=\"group\/conversation-turn relative flex w-full min-w-0 flex-col agent-turn\">\n<div class=\"relative flex-col gap-1 md:gap-3\">\n<div class=\"flex max-w-full flex-col grow\">&nbsp;<\/div>\n<div class=\"flex min-h-[46px] justify-start\">\n<p>Najbolje aktivnosti za ljubitelje prirode<\/p>\n<p>Tijekom o\u010daravaju\u0107eg proljetnog razdoblja, Pore\u010d &ndash; &scaron;armantni gradi\u0107 na jadranskoj obali Hrvatske &ndash; o\u017eivljava i nudi niz aktivnosti za ljubitelje prirode. Poznat po zadivljuju\u0107im krajolicima, &scaron;arenom cvije\u0107u i ugodnom vremenu, prolje\u0107e je idealno vrijeme za istra\u017eivanje prirodnih i povijesnih bogatstava Pore\u010da. Jedinstven spoj bujne flore, bogate povijesti i kulturne ba&scaron;tine \u010dini ovaj grad iznimnom destinacijom.<br \/>&nbsp;<\/p>\n<\/div>\n<\/div>\n<div class=\"absolute\">&nbsp;<\/div>\n<\/div>\n<\/div>\n<\/div>\n<\/article>\n<div class=\"pointer-events-none h-px w-px\" aria-hidden=\"true\" data-edge=\"true\">&nbsp;<\/div>\n","protected":false},"author":1,"featured_media":229,"comment_status":"open","ping_status":"closed","sticky":false,"template":"","format":"standard","meta":{"footnotes":""},"categories":[1299],"tags":[],"class_list":["post-1485","post","type-post","status-publish","format-standard","has-post-thumbnail","hentry","category-novosti"],"yoast_head":"<!-- This site is optimized with the Yoast SEO plugin v28.2 - https:\/\/yoast.com\/product\/yoast-seo-wordpress\/ -->\n<title>Prolje\u0107e u Pore\u010du - Luxistria Rent<\/title>\n<meta name=\"robots\" content=\"noindex, follow, max-snippet:-1, max-image-preview:large, max-video-preview:-1\" \/>\n<meta property=\"og:locale\" content=\"hr_HR\" \/>\n<meta property=\"og:type\" content=\"article\" \/>\n<meta property=\"og:title\" content=\"Prolje\u0107e u Pore\u010du - Luxistria Rent\" \/>\n<meta property=\"og:description\" content=\"&nbsp; Najbolje aktivnosti za ljubitelje prirode Tijekom o\u010daravaju\u0107eg proljetnog razdoblja, Pore\u010d &ndash; &scaron;armantni gradi\u0107 na jadranskoj obali Hrvatske &ndash; o\u017eivljava i nudi niz aktivnosti za ljubitelje prirode. Poznat po zadivljuju\u0107im krajolicima, &scaron;arenom cvije\u0107u i ugodnom vremenu, prolje\u0107e je idealno vrijeme za istra\u017eivanje prirodnih i povijesnih bogatstava Pore\u010da. Jedinstven spoj bujne flore, bogate povijesti i kulturne ba&scaron;tine \u010dini ovaj grad iznimnom destinacijom.&nbsp;  &nbsp;   &nbsp;\" \/>\n<meta property=\"og:url\" content=\"https:\/\/wpsetups.com\/temp-radionica2\/proljece-u-porecu\/\" \/>\n<meta property=\"og:site_name\" content=\"Luxistria Rent\" \/>\n<meta property=\"article:published_time\" content=\"2025-06-05T10:33:35+00:00\" \/>\n<meta property=\"og:image\" content=\"https:\/\/wpsetups.com\/temp-radionica2\/wp-content\/uploads\/2026\/05\/1749119615_3977.webp\" \/>\n\t<meta property=\"og:image:width\" content=\"1000\" \/>\n\t<meta property=\"og:image:height\" content=\"625\" \/>\n\t<meta property=\"og:image:type\" content=\"image\/webp\" \/>\n<meta name=\"author\" content=\"admin\" \/>\n<meta name=\"twitter:card\" content=\"summary_large_image\" \/>\n<meta name=\"twitter:label1\" content=\"Napisao\/la\" \/>\n\t<meta name=\"twitter:data1\" content=\"admin\" \/>\n\t<meta name=\"twitter:label2\" content=\"Procijenjeno vrijeme \u010ditanja\" \/>\n\t<meta name=\"twitter:data2\" content=\"2 minute\" \/>\n<script type=\"application\/ld+json\" class=\"yoast-schema-graph\">{\"@context\":\"https:\\\/\\\/schema.org\",\"@graph\":[{\"@type\":\"Article\",\"@id\":\"https:\\\/\\\/wpsetups.com\\\/temp-radionica2\\\/proljece-u-porecu\\\/#article\",\"isPartOf\":{\"@id\":\"https:\\\/\\\/wpsetups.com\\\/temp-radionica2\\\/proljece-u-porecu\\\/\"},\"author\":{\"name\":\"admin\",\"@id\":\"https:\\\/\\\/wpsetups.com\\\/temp-radionica2\\\/#\\\/schema\\\/person\\\/8d42909acf433e51a90ab46a711baba1\"},\"headline\":\"Prolje\u0107e u Pore\u010du\",\"datePublished\":\"2025-06-05T10:33:35+00:00\",\"mainEntityOfPage\":{\"@id\":\"https:\\\/\\\/wpsetups.com\\\/temp-radionica2\\\/proljece-u-porecu\\\/\"},\"wordCount\":357,\"commentCount\":0,\"image\":{\"@id\":\"https:\\\/\\\/wpsetups.com\\\/temp-radionica2\\\/proljece-u-porecu\\\/#primaryimage\"},\"thumbnailUrl\":\"https:\\\/\\\/wpsetups.com\\\/temp-radionica2\\\/wp-content\\\/uploads\\\/2026\\\/05\\\/1749119615_3977.webp\",\"articleSection\":[\"Novosti\"],\"inLanguage\":\"hr\",\"potentialAction\":[{\"@type\":\"CommentAction\",\"name\":\"Comment\",\"target\":[\"https:\\\/\\\/wpsetups.com\\\/temp-radionica2\\\/proljece-u-porecu\\\/#respond\"]}]},{\"@type\":\"WebPage\",\"@id\":\"https:\\\/\\\/wpsetups.com\\\/temp-radionica2\\\/proljece-u-porecu\\\/\",\"url\":\"https:\\\/\\\/wpsetups.com\\\/temp-radionica2\\\/proljece-u-porecu\\\/\",\"name\":\"Prolje\u0107e u Pore\u010du - Luxistria Rent\",\"isPartOf\":{\"@id\":\"https:\\\/\\\/wpsetups.com\\\/temp-radionica2\\\/#website\"},\"primaryImageOfPage\":{\"@id\":\"https:\\\/\\\/wpsetups.com\\\/temp-radionica2\\\/proljece-u-porecu\\\/#primaryimage\"},\"image\":{\"@id\":\"https:\\\/\\\/wpsetups.com\\\/temp-radionica2\\\/proljece-u-porecu\\\/#primaryimage\"},\"thumbnailUrl\":\"https:\\\/\\\/wpsetups.com\\\/temp-radionica2\\\/wp-content\\\/uploads\\\/2026\\\/05\\\/1749119615_3977.webp\",\"datePublished\":\"2025-06-05T10:33:35+00:00\",\"author\":{\"@id\":\"https:\\\/\\\/wpsetups.com\\\/temp-radionica2\\\/#\\\/schema\\\/person\\\/8d42909acf433e51a90ab46a711baba1\"},\"breadcrumb\":{\"@id\":\"https:\\\/\\\/wpsetups.com\\\/temp-radionica2\\\/proljece-u-porecu\\\/#breadcrumb\"},\"inLanguage\":\"hr\",\"potentialAction\":[{\"@type\":\"ReadAction\",\"target\":[\"https:\\\/\\\/wpsetups.com\\\/temp-radionica2\\\/proljece-u-porecu\\\/\"]}]},{\"@type\":\"ImageObject\",\"inLanguage\":\"hr\",\"@id\":\"https:\\\/\\\/wpsetups.com\\\/temp-radionica2\\\/proljece-u-porecu\\\/#primaryimage\",\"url\":\"https:\\\/\\\/wpsetups.com\\\/temp-radionica2\\\/wp-content\\\/uploads\\\/2026\\\/05\\\/1749119615_3977.webp\",\"contentUrl\":\"https:\\\/\\\/wpsetups.com\\\/temp-radionica2\\\/wp-content\\\/uploads\\\/2026\\\/05\\\/1749119615_3977.webp\",\"width\":1000,\"height\":625},{\"@type\":\"BreadcrumbList\",\"@id\":\"https:\\\/\\\/wpsetups.com\\\/temp-radionica2\\\/proljece-u-porecu\\\/#breadcrumb\",\"itemListElement\":[{\"@type\":\"ListItem\",\"position\":1,\"name\":\"Home\",\"item\":\"https:\\\/\\\/wpsetups.com\\\/temp-radionica2\\\/\"},{\"@type\":\"ListItem\",\"position\":2,\"name\":\"Prolje\u0107e u Pore\u010du\"}]},{\"@type\":\"WebSite\",\"@id\":\"https:\\\/\\\/wpsetups.com\\\/temp-radionica2\\\/#website\",\"url\":\"https:\\\/\\\/wpsetups.com\\\/temp-radionica2\\\/\",\"name\":\"Luxistria Rent\",\"description\":\"\",\"potentialAction\":[{\"@type\":\"SearchAction\",\"target\":{\"@type\":\"EntryPoint\",\"urlTemplate\":\"https:\\\/\\\/wpsetups.com\\\/temp-radionica2\\\/?s={search_term_string}\"},\"query-input\":{\"@type\":\"PropertyValueSpecification\",\"valueRequired\":true,\"valueName\":\"search_term_string\"}}],\"inLanguage\":\"hr\"},{\"@type\":\"Person\",\"@id\":\"https:\\\/\\\/wpsetups.com\\\/temp-radionica2\\\/#\\\/schema\\\/person\\\/8d42909acf433e51a90ab46a711baba1\",\"name\":\"admin\",\"image\":{\"@type\":\"ImageObject\",\"inLanguage\":\"hr\",\"@id\":\"https:\\\/\\\/secure.gravatar.com\\\/avatar\\\/5625f553f253f456b98a5d87cfed51fdcb711905cfabc618b79b2bda138b35ca?s=96&d=mm&r=g\",\"url\":\"https:\\\/\\\/secure.gravatar.com\\\/avatar\\\/5625f553f253f456b98a5d87cfed51fdcb711905cfabc618b79b2bda138b35ca?s=96&d=mm&r=g\",\"contentUrl\":\"https:\\\/\\\/secure.gravatar.com\\\/avatar\\\/5625f553f253f456b98a5d87cfed51fdcb711905cfabc618b79b2bda138b35ca?s=96&d=mm&r=g\",\"caption\":\"admin\"},\"sameAs\":[\"https:\\\/\\\/wpsetups.com\\\/temp-radionica2\"],\"url\":\"https:\\\/\\\/wpsetups.com\\\/temp-radionica2\\\/author\\\/admin_7g0keo8i\\\/\"}]}<\/script>\n<!-- \/ Yoast SEO plugin. -->","yoast_head_json":{"title":"Prolje\u0107e u Pore\u010du - Luxistria Rent","robots":{"index":"noindex","follow":"follow","max-snippet":"max-snippet:-1","max-image-preview":"max-image-preview:large","max-video-preview":"max-video-preview:-1"},"og_locale":"hr_HR","og_type":"article","og_title":"Prolje\u0107e u Pore\u010du - Luxistria Rent","og_description":"&nbsp; Najbolje aktivnosti za ljubitelje prirode Tijekom o\u010daravaju\u0107eg proljetnog razdoblja, Pore\u010d &ndash; &scaron;armantni gradi\u0107 na jadranskoj obali Hrvatske &ndash; o\u017eivljava i nudi niz aktivnosti za ljubitelje prirode. Poznat po zadivljuju\u0107im krajolicima, &scaron;arenom cvije\u0107u i ugodnom vremenu, prolje\u0107e je idealno vrijeme za istra\u017eivanje prirodnih i povijesnih bogatstava Pore\u010da. Jedinstven spoj bujne flore, bogate povijesti i kulturne ba&scaron;tine \u010dini ovaj grad iznimnom destinacijom.&nbsp;  &nbsp;   &nbsp;","og_url":"https:\/\/wpsetups.com\/temp-radionica2\/proljece-u-porecu\/","og_site_name":"Luxistria Rent","article_published_time":"2025-06-05T10:33:35+00:00","og_image":[{"width":1000,"height":625,"url":"https:\/\/wpsetups.com\/temp-radionica2\/wp-content\/uploads\/2026\/05\/1749119615_3977.webp","type":"image\/webp"}],"author":"admin","twitter_card":"summary_large_image","twitter_misc":{"Napisao\/la":"admin","Procijenjeno vrijeme \u010ditanja":"2 minute"},"schema":{"@context":"https:\/\/schema.org","@graph":[{"@type":"Article","@id":"https:\/\/wpsetups.com\/temp-radionica2\/proljece-u-porecu\/#article","isPartOf":{"@id":"https:\/\/wpsetups.com\/temp-radionica2\/proljece-u-porecu\/"},"author":{"name":"admin","@id":"https:\/\/wpsetups.com\/temp-radionica2\/#\/schema\/person\/8d42909acf433e51a90ab46a711baba1"},"headline":"Prolje\u0107e u Pore\u010du","datePublished":"2025-06-05T10:33:35+00:00","mainEntityOfPage":{"@id":"https:\/\/wpsetups.com\/temp-radionica2\/proljece-u-porecu\/"},"wordCount":357,"commentCount":0,"image":{"@id":"https:\/\/wpsetups.com\/temp-radionica2\/proljece-u-porecu\/#primaryimage"},"thumbnailUrl":"https:\/\/wpsetups.com\/temp-radionica2\/wp-content\/uploads\/2026\/05\/1749119615_3977.webp","articleSection":["Novosti"],"inLanguage":"hr","potentialAction":[{"@type":"CommentAction","name":"Comment","target":["https:\/\/wpsetups.com\/temp-radionica2\/proljece-u-porecu\/#respond"]}]},{"@type":"WebPage","@id":"https:\/\/wpsetups.com\/temp-radionica2\/proljece-u-porecu\/","url":"https:\/\/wpsetups.com\/temp-radionica2\/proljece-u-porecu\/","name":"Prolje\u0107e u Pore\u010du - Luxistria Rent","isPartOf":{"@id":"https:\/\/wpsetups.com\/temp-radionica2\/#website"},"primaryImageOfPage":{"@id":"https:\/\/wpsetups.com\/temp-radionica2\/proljece-u-porecu\/#primaryimage"},"image":{"@id":"https:\/\/wpsetups.com\/temp-radionica2\/proljece-u-porecu\/#primaryimage"},"thumbnailUrl":"https:\/\/wpsetups.com\/temp-radionica2\/wp-content\/uploads\/2026\/05\/1749119615_3977.webp","datePublished":"2025-06-05T10:33:35+00:00","author":{"@id":"https:\/\/wpsetups.com\/temp-radionica2\/#\/schema\/person\/8d42909acf433e51a90ab46a711baba1"},"breadcrumb":{"@id":"https:\/\/wpsetups.com\/temp-radionica2\/proljece-u-porecu\/#breadcrumb"},"inLanguage":"hr","potentialAction":[{"@type":"ReadAction","target":["https:\/\/wpsetups.com\/temp-radionica2\/proljece-u-porecu\/"]}]},{"@type":"ImageObject","inLanguage":"hr","@id":"https:\/\/wpsetups.com\/temp-radionica2\/proljece-u-porecu\/#primaryimage","url":"https:\/\/wpsetups.com\/temp-radionica2\/wp-content\/uploads\/2026\/05\/1749119615_3977.webp","contentUrl":"https:\/\/wpsetups.com\/temp-radionica2\/wp-content\/uploads\/2026\/05\/1749119615_3977.webp","width":1000,"height":625},{"@type":"BreadcrumbList","@id":"https:\/\/wpsetups.com\/temp-radionica2\/proljece-u-porecu\/#breadcrumb","itemListElement":[{"@type":"ListItem","position":1,"name":"Home","item":"https:\/\/wpsetups.com\/temp-radionica2\/"},{"@type":"ListItem","position":2,"name":"Prolje\u0107e u Pore\u010du"}]},{"@type":"WebSite","@id":"https:\/\/wpsetups.com\/temp-radionica2\/#website","url":"https:\/\/wpsetups.com\/temp-radionica2\/","name":"Luxistria Rent","description":"","potentialAction":[{"@type":"SearchAction","target":{"@type":"EntryPoint","urlTemplate":"https:\/\/wpsetups.com\/temp-radionica2\/?s={search_term_string}"},"query-input":{"@type":"PropertyValueSpecification","valueRequired":true,"valueName":"search_term_string"}}],"inLanguage":"hr"},{"@type":"Person","@id":"https:\/\/wpsetups.com\/temp-radionica2\/#\/schema\/person\/8d42909acf433e51a90ab46a711baba1","name":"admin","image":{"@type":"ImageObject","inLanguage":"hr","@id":"https:\/\/secure.gravatar.com\/avatar\/5625f553f253f456b98a5d87cfed51fdcb711905cfabc618b79b2bda138b35ca?s=96&d=mm&r=g","url":"https:\/\/secure.gravatar.com\/avatar\/5625f553f253f456b98a5d87cfed51fdcb711905cfabc618b79b2bda138b35ca?s=96&d=mm&r=g","contentUrl":"https:\/\/secure.gravatar.com\/avatar\/5625f553f253f456b98a5d87cfed51fdcb711905cfabc618b79b2bda138b35ca?s=96&d=mm&r=g","caption":"admin"},"sameAs":["https:\/\/wpsetups.com\/temp-radionica2"],"url":"https:\/\/wpsetups.com\/temp-radionica2\/author\/admin_7g0keo8i\/"}]}},"_links":{"self":[{"href":"https:\/\/wpsetups.com\/temp-radionica2\/wp-json\/wp\/v2\/posts\/1485","targetHints":{"allow":["GET"]}}],"collection":[{"href":"https:\/\/wpsetups.com\/temp-radionica2\/wp-json\/wp\/v2\/posts"}],"about":[{"href":"https:\/\/wpsetups.com\/temp-radionica2\/wp-json\/wp\/v2\/types\/post"}],"author":[{"embeddable":true,"href":"https:\/\/wpsetups.com\/temp-radionica2\/wp-json\/wp\/v2\/users\/1"}],"replies":[{"embeddable":true,"href":"https:\/\/wpsetups.com\/temp-radionica2\/wp-json\/wp\/v2\/comments?post=1485"}],"version-history":[{"count":0,"href":"https:\/\/wpsetups.com\/temp-radionica2\/wp-json\/wp\/v2\/posts\/1485\/revisions"}],"wp:featuredmedia":[{"embeddable":true,"href":"https:\/\/wpsetups.com\/temp-radionica2\/wp-json\/wp\/v2\/media\/229"}],"wp:attachment":[{"href":"https:\/\/wpsetups.com\/temp-radionica2\/wp-json\/wp\/v2\/media?parent=1485"}],"wp:term":[{"taxonomy":"category","embeddable":true,"href":"https:\/\/wpsetups.com\/temp-radionica2\/wp-json\/wp\/v2\/categories?post=1485"},{"taxonomy":"post_tag","embeddable":true,"href":"https:\/\/wpsetups.com\/temp-radionica2\/wp-json\/wp\/v2\/tags?post=1485"}],"curies":[{"name":"wp","href":"https:\/\/api.w.org\/{rel}","templated":true}]}}