{"id":1494,"date":"2025-12-08T10:27:41","date_gmt":"2025-12-08T10:27:41","guid":{"rendered":"https:\/\/wpsetups.com\/temp-radionica2\/porec-iz-prve-ruke-kvartovi-za-miran-boravak\/"},"modified":"2025-12-08T10:27:41","modified_gmt":"2025-12-08T10:27:41","slug":"porec-iz-prve-ruke-kvartovi-za-miran-boravak","status":"publish","type":"post","link":"https:\/\/wpsetups.com\/temp-radionica2\/porec-iz-prve-ruke-kvartovi-za-miran-boravak\/","title":{"rendered":"Pore\u010d iz prve ruke: kvartovi za miran boravak"},"content":{"rendered":"\n<h2>Sjever grada: Veli Maj i &Scaron;padi\u0107i\/Materada<\/h2>\n<p>Sjeverni kvartovi pru\u017eaju osje\u0107aj intime uz odli\u010dnu blizinu pla\u017ea. Veli Maj i &Scaron;padi\u0107i (Materada) poznati su po mirnim jutarnjim satima, dugim &scaron;etnjama uz more i sjenovitim pojasima borove &scaron;ume. Pla\u017ee su uglavnom &scaron;ljun\u010dane ili s ure\u0111enim platoima, a povremeni vjetri\u0107 donosi svje\u017einu \u010dak i ljeti. Do centra je otprilike 25&ndash;30 minuta lagane &scaron;etnje obalnom stazom ili kratka vo\u017enja, pa je ovaj dio izvrstan za goste koji \u017eele mir, a ipak \u017eele biti u blizini gradskog \u017eivota. Kafi\u0107i su diskretni, ve\u010dernja buka je rijetka, a mnogi <a class=\"regular-link\" href=\"\/hr\/apartmani\/porec\/apartman-magnolia\">apartmani u Pore\u010du<\/a> imaju <strong>pogled na more<\/strong>.<\/p>\n<h2>Borik i Pical: blizina sredi&scaron;ta bez buke<\/h2>\n<p>Borik i Pical nalaze se korak bli\u017ee sredi&scaron;tu, ali zadr\u017eavaju opu&scaron;ten ton. Ovdje obalna &scaron;etnica vodi prema starom gradu, idealna za jutarnje tr\u010danje ili ve\u010dernje u\u017eivanje u zalasku. Danju se osjeti dinami\u010dniji ritam, no ulice druge ili tre\u0107e linije od mora ostaju mirne. Za parove i putnike koji vole biti blizu kulture i gastronomije, a izbje\u0107i gu\u017evu u kasnim satima, ovo je vrlo uravnote\u017eena destinacija.<\/p>\n<h2>Jug Pore\u010da: Brulo i Novo Naselje<\/h2>\n<p>Brulo i Novo Naselje smje&scaron;teni su uz uvalu okru\u017eenu zelenilom. Ovo je kvart u kojem obitelji \u010desto pronalaze idealan smje&scaron;taj: ure\u0111en prilaz pla\u017eama, staze za bicikl i dugu <strong>&scaron;etnju<\/strong> do starog grada (oko 15&ndash;20 minuta). Dnevna ponuda je raznolika, od sportova na vodi do tihih kutaka za \u010ditanje, dok se nave\u010der podru\u010dje prirodno smiruje. Ako vam je va\u017ena <strong>blizina<\/strong> mora, ali ne \u017eelite izravan gradski ritam, ovaj dio pru\u017ea dobar kompromis.<\/p>\n<h2>Plava i Zelena Laguna: mediteranski resort ton<\/h2>\n<p>Ju\u017eno od sredi&scaron;ta nalaze se Plava i Zelena Laguna, ure\u0111ena obalna zona s nizom pla\u017ea i laganim resort ugo\u0111ajem. Iako imaju vi&scaron;e sadr\u017eaja, raspored je prostran pa se lako prona\u0111e mirniji kut. <strong>&Scaron;ljun\u010dane i stjenovite pla\u017ee<\/strong>, duga &scaron;etali&scaron;ta i biciklisti\u010dke staze poti\u010du boravak na otvorenom. Za dodatnu privatnost, obli\u017enja naselja poput Mugebe, Fu&scaron;kulina ili Monti\u017eane nude<a href=\"\/hr\/vile\/porec\/villa-tiffany\"> vile u Pore\u010du<\/a> s vrtovima i bazenima; boravite u ti&scaron;ini, a do grada sti\u017eete za desetak minuta vo\u017enje. Ovakav smje&scaron;taj posebno cijene gosti koji \u017eele intiman prostor i ugodnu <strong>atmosferu<\/strong> za dulji odmor.<\/p>\n<h2>Stari grad: rimska mre\u017ea ulica s dozom \u017eive energije<\/h2>\n<p>Stari grad le\u017ei na poluotoku i \u010duva naslje\u0111e <strong>rimske<\/strong> mre\u017ee ulica, s Decumanusom i Cardom koji tvore srce povijesne jezgre. Ovdje je <strong>atmosfera<\/strong> jedinstvena: kamen, zvukovi mora i blizina Eufrazijeve bazilike stvaraju poseban ugo\u0111aj. No, treba znati da je ovo naj\u017eivlji dio Pore\u010da; glavno &scaron;etali&scaron;te i kafi\u0107i mogu biti bu\u010dni u &scaron;pici sezone. Za mirniji boravak unutar starog grada birajte bo\u010dne ulice udaljene od glavnih pje&scaron;a\u010dkih prometnica i izbjegavajte objekte iznad popularnih terasa. Prednost je neusporediva blizina kulturnih sadr\u017eaja i \u010dinjenica da vam je cijeli <strong>grad<\/strong> na nekoliko koraka.<\/p>\n<h2>Zale\u0111e i vinogradi: Varvari, \u017dbandaj, Nova Vas i Tar<\/h2>\n<p>Ako prioritet postavite na ti&scaron;inu, privatnost i prostran pogled, sela udaljena nekoliko minuta od Pore\u010da pru\u017eaju odli\u010dne opcije. Varvari i Nova Vas vrlo su prakti\u010dni za kratku vo\u017enju do pla\u017ee, dok \u017dbandaj nudi mirne ulice i lagani seoski ritam. Tar i okolica blago su povi&scaron;eni, pa mnoge ku\u0107e u\u017eivaju <strong>pogled<\/strong> prema <strong>moru<\/strong>. Ovdje se \u010desto nalaze prostrane vile i apartmani s vrtovima, &scaron;to odgovara obiteljima i gostima koji \u017eele vlastiti tempo, bez gradske dinamike. Do <strong>centra<\/strong> Pore\u010da sti\u017ee se brzo, a nave\u010der vas prate samo zrikavci i mirisi pinije.<\/p>\n<h2>Kako odabrati pravu mikrolokaciju smje&scaron;taja<\/h2>\n<ul>\n<li>Pogled i orijentacija: zapad donosi zalaske i toplinu popodneva; sjever je ugodniji ljeti. Ako volite tiho jutro, <strong>izbjegnite prvu liniju<\/strong> uz &scaron;etnicu.<\/li>\n<li>Ulica i razina buke: provjerite je li objekt uz glavnu prometnicu ili iznad prometnih kafi\u0107a; nekoliko ku\u0107nih brojeva mo\u017ee \u010diniti veliku razliku.<\/li>\n<li>Blizina mora i sadr\u017eaja: pje&scaron;a\u010dka udaljenost do pla\u017ee, pekarnice i trgovine zna\u010di vi&scaron;e spontanog u\u017eivanja i manje vo\u017enje.<\/li>\n<li>Parking i pristup: privatno parkirno mjesto i jednostavan ulaz presudni su u vrhuncu sezone kada je <strong>gu\u017eva<\/strong> ve\u0107a.<\/li>\n<li>Profil putnika: parovi obi\u010dno biraju Borik ili Pical zbog &scaron;etnji uz more i restorana; obitelji cijene Brulo, Novo Naselje i zale\u0111e s vrtovima; putnici koji rade na daljinu vole tihe dijelove Veli Maja, &Scaron;padi\u0107a ili sela s brzim pristupom <strong>sredi&scaron;tu<\/strong>.<\/li>\n<\/ul>\n<h2>Kada je Pore\u010d najmirniji<\/h2>\n<p>Prolje\u0107e i rana jesen donose mek&scaron;u svjetlost, ugodne temperature i znatno manje posjetitelja. Ljeto je \u017eivlje, no i tada se mir lako pronalazi u ulicama druge linije ili u selima nekoliko kilometara od obale. Odabir pravog kvarta \u010desto je va\u017eniji od same udaljenosti: ve\u0107 nakon pet minuta &scaron;etnje od glavnog poteza ritam postaje le\u017eerniji, a more i borovi ostaju jednako blizu.<\/p>\n<p>Za goste koji tra\u017ee sklad izme\u0111u profinjenog <a class=\"regular-link\" href=\"\/hr\/apartmani\/porec\/val-bora-ii\">smje&scaron;taja<\/a> i tihe lokacije, pa\u017eljivo odabrani apartmani u Pore\u010du i vile u okolici omogu\u0107uju boravak kakav destinacija uistinu zaslu\u017euje: jutrom <strong>&scaron;etnja<\/strong> uz obalu, dan proveden u hladu vrta ili na pla\u017ei, a nave\u010der bez \u017eurbe otkrivanje malih mjesta koja \u010dine <strong>srce<\/strong> ovog istarskog grada.<\/p>\n","protected":false},"excerpt":{"rendered":"<p>Birati pravo podru\u010dje u Pore\u010du zna\u010di dobiti mir, more nadohvat ruke i atmosferu koja odgovara ritmu odmora. Grad je kompaktan, ali svaki dio ima svoj karakter: od borovih &scaron;uma uz obalu do vinograda u zale\u0111u, od tihih ulica udaljenih od gu\u017eve do &scaron;etnica koje vode ravno u sredi&scaron;te.<\/p>\n","protected":false},"author":1,"featured_media":246,"comment_status":"open","ping_status":"closed","sticky":false,"template":"","format":"standard","meta":{"footnotes":""},"categories":[1299],"tags":[],"class_list":["post-1494","post","type-post","status-publish","format-standard","has-post-thumbnail","hentry","category-novosti"],"yoast_head":"<!-- This site is optimized with the Yoast SEO plugin v28.2 - https:\/\/yoast.com\/product\/yoast-seo-wordpress\/ -->\n<title>Pore\u010d iz prve ruke: kvartovi za miran boravak - Luxistria Rent<\/title>\n<meta name=\"robots\" content=\"noindex, follow, max-snippet:-1, max-image-preview:large, max-video-preview:-1\" \/>\n<meta property=\"og:locale\" content=\"hr_HR\" \/>\n<meta property=\"og:type\" content=\"article\" \/>\n<meta property=\"og:title\" content=\"Pore\u010d iz prve ruke: kvartovi za miran boravak - Luxistria Rent\" \/>\n<meta property=\"og:description\" content=\"Birati pravo podru\u010dje u Pore\u010du zna\u010di dobiti mir, more nadohvat ruke i atmosferu koja odgovara ritmu odmora. Grad je kompaktan, ali svaki dio ima svoj karakter: od borovih &scaron;uma uz obalu do vinograda u zale\u0111u, od tihih ulica udaljenih od gu\u017eve do &scaron;etnica koje vode ravno u sredi&scaron;te.\" \/>\n<meta property=\"og:url\" content=\"https:\/\/wpsetups.com\/temp-radionica2\/porec-iz-prve-ruke-kvartovi-za-miran-boravak\/\" \/>\n<meta property=\"og:site_name\" content=\"Luxistria Rent\" \/>\n<meta property=\"article:published_time\" content=\"2025-12-08T10:27:41+00:00\" \/>\n<meta property=\"og:image\" content=\"https:\/\/wpsetups.com\/temp-radionica2\/wp-content\/uploads\/2026\/05\/1765189661_7214.webp\" \/>\n\t<meta property=\"og:image:width\" content=\"1000\" \/>\n\t<meta property=\"og:image:height\" content=\"750\" \/>\n\t<meta property=\"og:image:type\" content=\"image\/webp\" \/>\n<meta name=\"author\" content=\"admin\" \/>\n<meta name=\"twitter:card\" content=\"summary_large_image\" \/>\n<meta name=\"twitter:label1\" content=\"Napisao\/la\" \/>\n\t<meta name=\"twitter:data1\" content=\"admin\" \/>\n\t<meta name=\"twitter:label2\" content=\"Procijenjeno vrijeme \u010ditanja\" \/>\n\t<meta name=\"twitter:data2\" content=\"5 minuta\" \/>\n<script type=\"application\/ld+json\" class=\"yoast-schema-graph\">{\"@context\":\"https:\\\/\\\/schema.org\",\"@graph\":[{\"@type\":\"Article\",\"@id\":\"https:\\\/\\\/wpsetups.com\\\/temp-radionica2\\\/porec-iz-prve-ruke-kvartovi-za-miran-boravak\\\/#article\",\"isPartOf\":{\"@id\":\"https:\\\/\\\/wpsetups.com\\\/temp-radionica2\\\/porec-iz-prve-ruke-kvartovi-za-miran-boravak\\\/\"},\"author\":{\"name\":\"admin\",\"@id\":\"https:\\\/\\\/wpsetups.com\\\/temp-radionica2\\\/#\\\/schema\\\/person\\\/8d42909acf433e51a90ab46a711baba1\"},\"headline\":\"Pore\u010d iz prve ruke: kvartovi za miran boravak\",\"datePublished\":\"2025-12-08T10:27:41+00:00\",\"mainEntityOfPage\":{\"@id\":\"https:\\\/\\\/wpsetups.com\\\/temp-radionica2\\\/porec-iz-prve-ruke-kvartovi-za-miran-boravak\\\/\"},\"wordCount\":945,\"commentCount\":0,\"image\":{\"@id\":\"https:\\\/\\\/wpsetups.com\\\/temp-radionica2\\\/porec-iz-prve-ruke-kvartovi-za-miran-boravak\\\/#primaryimage\"},\"thumbnailUrl\":\"https:\\\/\\\/wpsetups.com\\\/temp-radionica2\\\/wp-content\\\/uploads\\\/2026\\\/05\\\/1765189661_7214.webp\",\"articleSection\":[\"Novosti\"],\"inLanguage\":\"hr\",\"potentialAction\":[{\"@type\":\"CommentAction\",\"name\":\"Comment\",\"target\":[\"https:\\\/\\\/wpsetups.com\\\/temp-radionica2\\\/porec-iz-prve-ruke-kvartovi-za-miran-boravak\\\/#respond\"]}]},{\"@type\":\"WebPage\",\"@id\":\"https:\\\/\\\/wpsetups.com\\\/temp-radionica2\\\/porec-iz-prve-ruke-kvartovi-za-miran-boravak\\\/\",\"url\":\"https:\\\/\\\/wpsetups.com\\\/temp-radionica2\\\/porec-iz-prve-ruke-kvartovi-za-miran-boravak\\\/\",\"name\":\"Pore\u010d iz prve ruke: kvartovi za miran boravak - Luxistria Rent\",\"isPartOf\":{\"@id\":\"https:\\\/\\\/wpsetups.com\\\/temp-radionica2\\\/#website\"},\"primaryImageOfPage\":{\"@id\":\"https:\\\/\\\/wpsetups.com\\\/temp-radionica2\\\/porec-iz-prve-ruke-kvartovi-za-miran-boravak\\\/#primaryimage\"},\"image\":{\"@id\":\"https:\\\/\\\/wpsetups.com\\\/temp-radionica2\\\/porec-iz-prve-ruke-kvartovi-za-miran-boravak\\\/#primaryimage\"},\"thumbnailUrl\":\"https:\\\/\\\/wpsetups.com\\\/temp-radionica2\\\/wp-content\\\/uploads\\\/2026\\\/05\\\/1765189661_7214.webp\",\"datePublished\":\"2025-12-08T10:27:41+00:00\",\"author\":{\"@id\":\"https:\\\/\\\/wpsetups.com\\\/temp-radionica2\\\/#\\\/schema\\\/person\\\/8d42909acf433e51a90ab46a711baba1\"},\"breadcrumb\":{\"@id\":\"https:\\\/\\\/wpsetups.com\\\/temp-radionica2\\\/porec-iz-prve-ruke-kvartovi-za-miran-boravak\\\/#breadcrumb\"},\"inLanguage\":\"hr\",\"potentialAction\":[{\"@type\":\"ReadAction\",\"target\":[\"https:\\\/\\\/wpsetups.com\\\/temp-radionica2\\\/porec-iz-prve-ruke-kvartovi-za-miran-boravak\\\/\"]}]},{\"@type\":\"ImageObject\",\"inLanguage\":\"hr\",\"@id\":\"https:\\\/\\\/wpsetups.com\\\/temp-radionica2\\\/porec-iz-prve-ruke-kvartovi-za-miran-boravak\\\/#primaryimage\",\"url\":\"https:\\\/\\\/wpsetups.com\\\/temp-radionica2\\\/wp-content\\\/uploads\\\/2026\\\/05\\\/1765189661_7214.webp\",\"contentUrl\":\"https:\\\/\\\/wpsetups.com\\\/temp-radionica2\\\/wp-content\\\/uploads\\\/2026\\\/05\\\/1765189661_7214.webp\",\"width\":1000,\"height\":750},{\"@type\":\"BreadcrumbList\",\"@id\":\"https:\\\/\\\/wpsetups.com\\\/temp-radionica2\\\/porec-iz-prve-ruke-kvartovi-za-miran-boravak\\\/#breadcrumb\",\"itemListElement\":[{\"@type\":\"ListItem\",\"position\":1,\"name\":\"Home\",\"item\":\"https:\\\/\\\/wpsetups.com\\\/temp-radionica2\\\/\"},{\"@type\":\"ListItem\",\"position\":2,\"name\":\"Pore\u010d iz prve ruke: kvartovi za miran boravak\"}]},{\"@type\":\"WebSite\",\"@id\":\"https:\\\/\\\/wpsetups.com\\\/temp-radionica2\\\/#website\",\"url\":\"https:\\\/\\\/wpsetups.com\\\/temp-radionica2\\\/\",\"name\":\"Luxistria Rent\",\"description\":\"\",\"potentialAction\":[{\"@type\":\"SearchAction\",\"target\":{\"@type\":\"EntryPoint\",\"urlTemplate\":\"https:\\\/\\\/wpsetups.com\\\/temp-radionica2\\\/?s={search_term_string}\"},\"query-input\":{\"@type\":\"PropertyValueSpecification\",\"valueRequired\":true,\"valueName\":\"search_term_string\"}}],\"inLanguage\":\"hr\"},{\"@type\":\"Person\",\"@id\":\"https:\\\/\\\/wpsetups.com\\\/temp-radionica2\\\/#\\\/schema\\\/person\\\/8d42909acf433e51a90ab46a711baba1\",\"name\":\"admin\",\"image\":{\"@type\":\"ImageObject\",\"inLanguage\":\"hr\",\"@id\":\"https:\\\/\\\/secure.gravatar.com\\\/avatar\\\/5625f553f253f456b98a5d87cfed51fdcb711905cfabc618b79b2bda138b35ca?s=96&d=mm&r=g\",\"url\":\"https:\\\/\\\/secure.gravatar.com\\\/avatar\\\/5625f553f253f456b98a5d87cfed51fdcb711905cfabc618b79b2bda138b35ca?s=96&d=mm&r=g\",\"contentUrl\":\"https:\\\/\\\/secure.gravatar.com\\\/avatar\\\/5625f553f253f456b98a5d87cfed51fdcb711905cfabc618b79b2bda138b35ca?s=96&d=mm&r=g\",\"caption\":\"admin\"},\"sameAs\":[\"https:\\\/\\\/wpsetups.com\\\/temp-radionica2\"],\"url\":\"https:\\\/\\\/wpsetups.com\\\/temp-radionica2\\\/author\\\/admin_7g0keo8i\\\/\"}]}<\/script>\n<!-- \/ Yoast SEO plugin. -->","yoast_head_json":{"title":"Pore\u010d iz prve ruke: kvartovi za miran boravak - Luxistria Rent","robots":{"index":"noindex","follow":"follow","max-snippet":"max-snippet:-1","max-image-preview":"max-image-preview:large","max-video-preview":"max-video-preview:-1"},"og_locale":"hr_HR","og_type":"article","og_title":"Pore\u010d iz prve ruke: kvartovi za miran boravak - Luxistria Rent","og_description":"Birati pravo podru\u010dje u Pore\u010du zna\u010di dobiti mir, more nadohvat ruke i atmosferu koja odgovara ritmu odmora. Grad je kompaktan, ali svaki dio ima svoj karakter: od borovih &scaron;uma uz obalu do vinograda u zale\u0111u, od tihih ulica udaljenih od gu\u017eve do &scaron;etnica koje vode ravno u sredi&scaron;te.","og_url":"https:\/\/wpsetups.com\/temp-radionica2\/porec-iz-prve-ruke-kvartovi-za-miran-boravak\/","og_site_name":"Luxistria Rent","article_published_time":"2025-12-08T10:27:41+00:00","og_image":[{"width":1000,"height":750,"url":"https:\/\/wpsetups.com\/temp-radionica2\/wp-content\/uploads\/2026\/05\/1765189661_7214.webp","type":"image\/webp"}],"author":"admin","twitter_card":"summary_large_image","twitter_misc":{"Napisao\/la":"admin","Procijenjeno vrijeme \u010ditanja":"5 minuta"},"schema":{"@context":"https:\/\/schema.org","@graph":[{"@type":"Article","@id":"https:\/\/wpsetups.com\/temp-radionica2\/porec-iz-prve-ruke-kvartovi-za-miran-boravak\/#article","isPartOf":{"@id":"https:\/\/wpsetups.com\/temp-radionica2\/porec-iz-prve-ruke-kvartovi-za-miran-boravak\/"},"author":{"name":"admin","@id":"https:\/\/wpsetups.com\/temp-radionica2\/#\/schema\/person\/8d42909acf433e51a90ab46a711baba1"},"headline":"Pore\u010d iz prve ruke: kvartovi za miran boravak","datePublished":"2025-12-08T10:27:41+00:00","mainEntityOfPage":{"@id":"https:\/\/wpsetups.com\/temp-radionica2\/porec-iz-prve-ruke-kvartovi-za-miran-boravak\/"},"wordCount":945,"commentCount":0,"image":{"@id":"https:\/\/wpsetups.com\/temp-radionica2\/porec-iz-prve-ruke-kvartovi-za-miran-boravak\/#primaryimage"},"thumbnailUrl":"https:\/\/wpsetups.com\/temp-radionica2\/wp-content\/uploads\/2026\/05\/1765189661_7214.webp","articleSection":["Novosti"],"inLanguage":"hr","potentialAction":[{"@type":"CommentAction","name":"Comment","target":["https:\/\/wpsetups.com\/temp-radionica2\/porec-iz-prve-ruke-kvartovi-za-miran-boravak\/#respond"]}]},{"@type":"WebPage","@id":"https:\/\/wpsetups.com\/temp-radionica2\/porec-iz-prve-ruke-kvartovi-za-miran-boravak\/","url":"https:\/\/wpsetups.com\/temp-radionica2\/porec-iz-prve-ruke-kvartovi-za-miran-boravak\/","name":"Pore\u010d iz prve ruke: kvartovi za miran boravak - Luxistria Rent","isPartOf":{"@id":"https:\/\/wpsetups.com\/temp-radionica2\/#website"},"primaryImageOfPage":{"@id":"https:\/\/wpsetups.com\/temp-radionica2\/porec-iz-prve-ruke-kvartovi-za-miran-boravak\/#primaryimage"},"image":{"@id":"https:\/\/wpsetups.com\/temp-radionica2\/porec-iz-prve-ruke-kvartovi-za-miran-boravak\/#primaryimage"},"thumbnailUrl":"https:\/\/wpsetups.com\/temp-radionica2\/wp-content\/uploads\/2026\/05\/1765189661_7214.webp","datePublished":"2025-12-08T10:27:41+00:00","author":{"@id":"https:\/\/wpsetups.com\/temp-radionica2\/#\/schema\/person\/8d42909acf433e51a90ab46a711baba1"},"breadcrumb":{"@id":"https:\/\/wpsetups.com\/temp-radionica2\/porec-iz-prve-ruke-kvartovi-za-miran-boravak\/#breadcrumb"},"inLanguage":"hr","potentialAction":[{"@type":"ReadAction","target":["https:\/\/wpsetups.com\/temp-radionica2\/porec-iz-prve-ruke-kvartovi-za-miran-boravak\/"]}]},{"@type":"ImageObject","inLanguage":"hr","@id":"https:\/\/wpsetups.com\/temp-radionica2\/porec-iz-prve-ruke-kvartovi-za-miran-boravak\/#primaryimage","url":"https:\/\/wpsetups.com\/temp-radionica2\/wp-content\/uploads\/2026\/05\/1765189661_7214.webp","contentUrl":"https:\/\/wpsetups.com\/temp-radionica2\/wp-content\/uploads\/2026\/05\/1765189661_7214.webp","width":1000,"height":750},{"@type":"BreadcrumbList","@id":"https:\/\/wpsetups.com\/temp-radionica2\/porec-iz-prve-ruke-kvartovi-za-miran-boravak\/#breadcrumb","itemListElement":[{"@type":"ListItem","position":1,"name":"Home","item":"https:\/\/wpsetups.com\/temp-radionica2\/"},{"@type":"ListItem","position":2,"name":"Pore\u010d iz prve ruke: kvartovi za miran boravak"}]},{"@type":"WebSite","@id":"https:\/\/wpsetups.com\/temp-radionica2\/#website","url":"https:\/\/wpsetups.com\/temp-radionica2\/","name":"Luxistria Rent","description":"","potentialAction":[{"@type":"SearchAction","target":{"@type":"EntryPoint","urlTemplate":"https:\/\/wpsetups.com\/temp-radionica2\/?s={search_term_string}"},"query-input":{"@type":"PropertyValueSpecification","valueRequired":true,"valueName":"search_term_string"}}],"inLanguage":"hr"},{"@type":"Person","@id":"https:\/\/wpsetups.com\/temp-radionica2\/#\/schema\/person\/8d42909acf433e51a90ab46a711baba1","name":"admin","image":{"@type":"ImageObject","inLanguage":"hr","@id":"https:\/\/secure.gravatar.com\/avatar\/5625f553f253f456b98a5d87cfed51fdcb711905cfabc618b79b2bda138b35ca?s=96&d=mm&r=g","url":"https:\/\/secure.gravatar.com\/avatar\/5625f553f253f456b98a5d87cfed51fdcb711905cfabc618b79b2bda138b35ca?s=96&d=mm&r=g","contentUrl":"https:\/\/secure.gravatar.com\/avatar\/5625f553f253f456b98a5d87cfed51fdcb711905cfabc618b79b2bda138b35ca?s=96&d=mm&r=g","caption":"admin"},"sameAs":["https:\/\/wpsetups.com\/temp-radionica2"],"url":"https:\/\/wpsetups.com\/temp-radionica2\/author\/admin_7g0keo8i\/"}]}},"_links":{"self":[{"href":"https:\/\/wpsetups.com\/temp-radionica2\/wp-json\/wp\/v2\/posts\/1494","targetHints":{"allow":["GET"]}}],"collection":[{"href":"https:\/\/wpsetups.com\/temp-radionica2\/wp-json\/wp\/v2\/posts"}],"about":[{"href":"https:\/\/wpsetups.com\/temp-radionica2\/wp-json\/wp\/v2\/types\/post"}],"author":[{"embeddable":true,"href":"https:\/\/wpsetups.com\/temp-radionica2\/wp-json\/wp\/v2\/users\/1"}],"replies":[{"embeddable":true,"href":"https:\/\/wpsetups.com\/temp-radionica2\/wp-json\/wp\/v2\/comments?post=1494"}],"version-history":[{"count":0,"href":"https:\/\/wpsetups.com\/temp-radionica2\/wp-json\/wp\/v2\/posts\/1494\/revisions"}],"wp:featuredmedia":[{"embeddable":true,"href":"https:\/\/wpsetups.com\/temp-radionica2\/wp-json\/wp\/v2\/media\/246"}],"wp:attachment":[{"href":"https:\/\/wpsetups.com\/temp-radionica2\/wp-json\/wp\/v2\/media?parent=1494"}],"wp:term":[{"taxonomy":"category","embeddable":true,"href":"https:\/\/wpsetups.com\/temp-radionica2\/wp-json\/wp\/v2\/categories?post=1494"},{"taxonomy":"post_tag","embeddable":true,"href":"https:\/\/wpsetups.com\/temp-radionica2\/wp-json\/wp\/v2\/tags?post=1494"}],"curies":[{"name":"wp","href":"https:\/\/api.w.org\/{rel}","templated":true}]}}